{"id":161165,"date":"2020-02-15T13:30:20","date_gmt":"2020-02-15T17:30:20","guid":{"rendered":"https:\/\/elluchador.info\/web\/?p=161165"},"modified":"2020-02-15T13:03:36","modified_gmt":"2020-02-15T17:03:36","slug":"maduro-conmemora-201-anos-del-discurso-de-angostura","status":"publish","type":"post","link":"https:\/\/elluchador.info\/?p=161165","title":{"rendered":"Maduro conmemora 201 a\u00f1os del Discurso de Angostura"},"content":{"rendered":"\n<p>El presidente de la Rep\u00fablica, Nicol\u00e1s Maduro, conmemora este s\u00e1bado los 201 a\u00f1os del Discurso de Angostura, pronunciado por el padre de la Patria, Sim\u00f3n Bol\u00edvar.&nbsp;<\/p>\n\n\n\n<p>\u00ab201 a\u00f1os se cumplen del hist\u00f3rico y memorable discurso de nuestro Padre Libertador, que fij\u00f3 la doctrina de independencia y de la b\u00fasqueda de la justicia social que hoy orgullosamente enarbolamos. En el Congreso de Angostura est\u00e1 el punto de partida de la Revoluci\u00f3n Bolivariana\u00bb, escribi\u00f3 el Jefe de Estado en la red social Twitter.\u00a0<\/p>\n\n\n\n<p>\n\nAsimismo, la Canciller\u00eda de la Rep\u00fablica rese\u00f1a que en 1819 \u00abBol\u00edvar pronuncia su c\u00e9lebre Discurso de Angostura. La intervenci\u00f3n se enmarc\u00f3 dentro del segundo Congreso Constituyente, generador de lo que pronto ser\u00eda el comienzo de la materializaci\u00f3n del sue\u00f1o unitario del Libertador: la creaci\u00f3n de la Gran Colombia\u00bb, refiere AVN.\n\n<\/p>\n","protected":false},"excerpt":{"rendered":"<p>El presidente de la Rep\u00fablica, Nicol\u00e1s Maduro, conmemora este s\u00e1bado los 201 a\u00f1os del Discurso de Angostura, pronunciado por el padre de la Patria, Sim\u00f3n Bol\u00edvar.&nbsp; \u00ab201 a\u00f1os se cumplen del hist\u00f3rico y memorable discurso de nuestro Padre Libertador, que fij\u00f3 la doctrina de independencia y de la b\u00fasqueda de la justicia social que hoy [&hellip;]<\/p>\n","protected":false},"author":2,"featured_media":161166,"comment_status":"closed","ping_status":"closed","sticky":false,"template":"","format":"standard","meta":{"footnotes":""},"categories":[5,9],"tags":[],"class_list":{"0":"post-161165","1":"post","2":"type-post","3":"status-publish","4":"format-standard","5":"has-post-thumbnail","7":"category-destacado","8":"category-nacionales"},"_links":{"self":[{"href":"https:\/\/elluchador.info\/index.php?rest_route=\/wp\/v2\/posts\/161165","targetHints":{"allow":["GET"]}}],"collection":[{"href":"https:\/\/elluchador.info\/index.php?rest_route=\/wp\/v2\/posts"}],"about":[{"href":"https:\/\/elluchador.info\/index.php?rest_route=\/wp\/v2\/types\/post"}],"author":[{"embeddable":true,"href":"https:\/\/elluchador.info\/index.php?rest_route=\/wp\/v2\/users\/2"}],"replies":[{"embeddable":true,"href":"https:\/\/elluchador.info\/index.php?rest_route=%2Fwp%2Fv2%2Fcomments&post=161165"}],"version-history":[{"count":1,"href":"https:\/\/elluchador.info\/index.php?rest_route=\/wp\/v2\/posts\/161165\/revisions"}],"predecessor-version":[{"id":161167,"href":"https:\/\/elluchador.info\/index.php?rest_route=\/wp\/v2\/posts\/161165\/revisions\/161167"}],"wp:featuredmedia":[{"embeddable":true,"href":"https:\/\/elluchador.info\/index.php?rest_route=\/wp\/v2\/media\/161166"}],"wp:attachment":[{"href":"https:\/\/elluchador.info\/index.php?rest_route=%2Fwp%2Fv2%2Fmedia&parent=161165"}],"wp:term":[{"taxonomy":"category","embeddable":true,"href":"https:\/\/elluchador.info\/index.php?rest_route=%2Fwp%2Fv2%2Fcategories&post=161165"},{"taxonomy":"post_tag","embeddable":true,"href":"https:\/\/elluchador.info\/index.php?rest_route=%2Fwp%2Fv2%2Ftags&post=161165"}],"curies":[{"name":"wp","href":"https:\/\/api.w.org\/{rel}","templated":true}]}}