{"id":161172,"date":"2020-02-15T19:30:33","date_gmt":"2020-02-15T23:30:33","guid":{"rendered":"https:\/\/elluchador.info\/web\/?p=161172"},"modified":"2020-02-15T13:16:38","modified_gmt":"2020-02-15T17:16:38","slug":"ya-ruedan-las-primeras-imagenes-de-robert-pattinson-como-batman","status":"publish","type":"post","link":"https:\/\/elluchador.info\/?p=161172","title":{"rendered":"Ya ruedan las primeras im\u00e1genes de Robert Pattinson como Batman"},"content":{"rendered":"\n<p>A trav\u00e9s de un v\u00eddeo oscuro con tonos rojizos publicado en la cuenta oficial de&nbsp;<em>Vimeo<\/em>&nbsp;de&nbsp;<strong>Matt Reeves<\/strong>, director de&nbsp;<strong><em>The Batman<\/em><\/strong>, se dieron a conocer las primeras im\u00e1genes de&nbsp;<strong>Robert Pattinson<\/strong>&nbsp;como el famoso superh\u00e9roe de DC.<\/p>\n\n\n\n<p>Dicho v\u00eddeo es parte del camera test y se puede apreciar al actor quien luce con un traje completamente renovado, este peque\u00f1o clip fue grabado por<strong>&nbsp;Greig Fraser<\/strong>, mientras que la m\u00fasica pertenece a<strong>&nbsp;Michael Giacchino<\/strong>. Pese a que no se logra ver mucho, los fan\u00e1ticos del int\u00e9rprete as\u00ed como de DC c\u00f3mics han quedado realmente sorprendidos con los resultados.<\/p>\n\n\n\n<p>Hay que se\u00f1alar que pese a la gran emoci\u00f3n que mostr\u00f3 el actor de&nbsp;<em>Twilight<\/em>&nbsp;al ser seleccionado como el nuevo Batman de DC C\u00f3mics, recientemente, expres\u00f3 que aunque se est\u00e1 esforzando mucho para realizar un buen trabajo, ya se encuentra listo para dar cara a las cr\u00edticas, asegurando que \u00ab<strong>no existe peor cr\u00edtico para \u00e9l que \u00e9l mismo<\/strong>\u00ab.<\/p>\n\n\n\n<p><em>The Batman<\/em>&nbsp;se estrenar\u00e1 a nivel internacional el 25 de junio del 2021 y hasta el momento tiene confirmado un gran reparto, en el cual resaltan figuras como Zoe Kravitz, Jeffrey Wright y Paul Dano por mencionar algunos.<\/p>\n","protected":false},"excerpt":{"rendered":"<p>A trav\u00e9s de un v\u00eddeo oscuro con tonos rojizos publicado en la cuenta oficial de&nbsp;Vimeo&nbsp;de&nbsp;Matt Reeves, director de&nbsp;The Batman, se dieron a conocer las primeras im\u00e1genes de&nbsp;Robert Pattinson&nbsp;como el famoso superh\u00e9roe de DC. Dicho v\u00eddeo es parte del camera test y se puede apreciar al actor quien luce con un traje completamente renovado, este peque\u00f1o [&hellip;]<\/p>\n","protected":false},"author":2,"featured_media":161173,"comment_status":"closed","ping_status":"closed","sticky":false,"template":"","format":"standard","meta":{"footnotes":""},"categories":[7],"tags":[],"class_list":{"0":"post-161172","1":"post","2":"type-post","3":"status-publish","4":"format-standard","5":"has-post-thumbnail","7":"category-entretenimiento"},"_links":{"self":[{"href":"https:\/\/elluchador.info\/index.php?rest_route=\/wp\/v2\/posts\/161172","targetHints":{"allow":["GET"]}}],"collection":[{"href":"https:\/\/elluchador.info\/index.php?rest_route=\/wp\/v2\/posts"}],"about":[{"href":"https:\/\/elluchador.info\/index.php?rest_route=\/wp\/v2\/types\/post"}],"author":[{"embeddable":true,"href":"https:\/\/elluchador.info\/index.php?rest_route=\/wp\/v2\/users\/2"}],"replies":[{"embeddable":true,"href":"https:\/\/elluchador.info\/index.php?rest_route=%2Fwp%2Fv2%2Fcomments&post=161172"}],"version-history":[{"count":1,"href":"https:\/\/elluchador.info\/index.php?rest_route=\/wp\/v2\/posts\/161172\/revisions"}],"predecessor-version":[{"id":161174,"href":"https:\/\/elluchador.info\/index.php?rest_route=\/wp\/v2\/posts\/161172\/revisions\/161174"}],"wp:featuredmedia":[{"embeddable":true,"href":"https:\/\/elluchador.info\/index.php?rest_route=\/wp\/v2\/media\/161173"}],"wp:attachment":[{"href":"https:\/\/elluchador.info\/index.php?rest_route=%2Fwp%2Fv2%2Fmedia&parent=161172"}],"wp:term":[{"taxonomy":"category","embeddable":true,"href":"https:\/\/elluchador.info\/index.php?rest_route=%2Fwp%2Fv2%2Fcategories&post=161172"},{"taxonomy":"post_tag","embeddable":true,"href":"https:\/\/elluchador.info\/index.php?rest_route=%2Fwp%2Fv2%2Ftags&post=161172"}],"curies":[{"name":"wp","href":"https:\/\/api.w.org\/{rel}","templated":true}]}}