{"id":161175,"date":"2020-02-16T06:00:03","date_gmt":"2020-02-16T10:00:03","guid":{"rendered":"https:\/\/elluchador.info\/web\/?p=161175"},"modified":"2020-02-15T13:22:15","modified_gmt":"2020-02-15T17:22:15","slug":"condenan-a-tap-air-portugal-por-facilitar-abordaje-de-guaido-con-identidad-falsa","status":"publish","type":"post","link":"https:\/\/elluchador.info\/?p=161175","title":{"rendered":"Condenan a TAP Air Portugal por facilitar abordaje de Guaid\u00f3 con \u00abidentidad falsa\u00bb"},"content":{"rendered":"\n<p> La administraci\u00f3n de\u00a0<strong>Nicol\u00e1s Maduro<\/strong>\u00a0exigi\u00f3 este viernes a las autoridades de\u00a0<strong>Portugal<\/strong>\u00a0que realicen \u00abuna rigurosa investigaci\u00f3n\u00bb sobre las \u00abgraves irregularidades\u00bb que habr\u00eda cometido la aerol\u00ednea\u00a0<strong>TAP<\/strong>\u00a0en el vuelo que llev\u00f3 a Caracas a <strong>Juan Guaid\u00f3.<\/strong><\/p>\n\n\n\n<p>En un comunicado, las autoridades venezolanas expresaron \u00absu condena\u00bb a \u00ablas graves irregularidades\u00bb que, sostienen, cometi\u00f3 la l\u00ednea a\u00e9rea portuguesa TAP en el vuelo que el pasado martes us\u00f3 Guaid\u00f3 para volver a&nbsp;<strong>Venezuela<\/strong>&nbsp;tras una gira internacional de 23 d\u00edas.<\/p>\n\n\n\n<p>El l\u00edder opositor&nbsp;<strong>fue recibido a golpes y empujones por simpatizantes del chavismo<\/strong>&nbsp;cuando arrib\u00f3 al aeropuerto internacional Sim\u00f3n Bol\u00edvar de Maiquet\u00eda, que sirve a&nbsp;<strong>Caracas.<\/strong><\/p>\n\n\n\n<p>Seg\u00fan el Ejecutivo de Nicol\u00e1s Maduro, las \u00abirregularidades\u00bb que infringi\u00f3 la aerol\u00ednea lusa van en contra de las disposiciones en materia de seguridad que fija la&nbsp;<strong>Organizaci\u00f3n de Aviaci\u00f3n Civil Internacional<\/strong>&nbsp;(OACI).<\/p>\n\n\n\n<p>El texto pasa a enumerar las supuestas \u00abirregularidades\u00bb que TAP cometi\u00f3 en el referido vuelo y afirma que \u00abse facilit\u00f3 el abordaje\u00bb de Guaid\u00f3&nbsp;<strong>con \u00abuna identidad falsa\u00bb<\/strong>&nbsp;y \u00aben claro desapego a las directrices sobre identificaci\u00f3n de pasajeros\u00bb de la OACI.<\/p>\n\n\n\n<p>Las autoridades venezolanas insisten en la versi\u00f3n de que&nbsp;<strong>Juan Jos\u00e9 M\u00e1rquez<\/strong>, t\u00edo del dirigente Juan Guaid\u00f3, \u00abtransport\u00f3 materiales prohibidos\u00bb y \u00absustancias de naturaleza explosiva\u00bb, lo que implicar\u00eda \u00abuna a\u00fan m\u00e1s grave violaci\u00f3n\u00bb a las normas de seguridad de la aviaci\u00f3n civil.<\/p>\n\n\n\n<p>Este jueves, la Fiscal\u00eda imput\u00f3 a M\u00e1rquez por el delito de\u00a0<strong>\u00abtr\u00e1fico il\u00edcito de armas y explosivos\u00bb<\/strong>, por lo que su abogado,\u00a0<strong>Joel Garc\u00eda<\/strong>, tild\u00f3 la detenci\u00f3n de su cliente de \u00abvil y burdo montaje\u00bb.  Diario 2001<\/p>\n","protected":false},"excerpt":{"rendered":"<p>La administraci\u00f3n de\u00a0Nicol\u00e1s Maduro\u00a0exigi\u00f3 este viernes a las autoridades de\u00a0Portugal\u00a0que realicen \u00abuna rigurosa investigaci\u00f3n\u00bb sobre las \u00abgraves irregularidades\u00bb que habr\u00eda cometido la aerol\u00ednea\u00a0TAP\u00a0en el vuelo que llev\u00f3 a Caracas a Juan Guaid\u00f3. En un comunicado, las autoridades venezolanas expresaron \u00absu condena\u00bb a \u00ablas graves irregularidades\u00bb que, sostienen, cometi\u00f3 la l\u00ednea a\u00e9rea portuguesa TAP en el [&hellip;]<\/p>\n","protected":false},"author":2,"featured_media":161176,"comment_status":"closed","ping_status":"closed","sticky":false,"template":"","format":"standard","meta":{"footnotes":""},"categories":[5,9],"tags":[],"class_list":{"0":"post-161175","1":"post","2":"type-post","3":"status-publish","4":"format-standard","5":"has-post-thumbnail","7":"category-destacado","8":"category-nacionales"},"_links":{"self":[{"href":"https:\/\/elluchador.info\/index.php?rest_route=\/wp\/v2\/posts\/161175","targetHints":{"allow":["GET"]}}],"collection":[{"href":"https:\/\/elluchador.info\/index.php?rest_route=\/wp\/v2\/posts"}],"about":[{"href":"https:\/\/elluchador.info\/index.php?rest_route=\/wp\/v2\/types\/post"}],"author":[{"embeddable":true,"href":"https:\/\/elluchador.info\/index.php?rest_route=\/wp\/v2\/users\/2"}],"replies":[{"embeddable":true,"href":"https:\/\/elluchador.info\/index.php?rest_route=%2Fwp%2Fv2%2Fcomments&post=161175"}],"version-history":[{"count":1,"href":"https:\/\/elluchador.info\/index.php?rest_route=\/wp\/v2\/posts\/161175\/revisions"}],"predecessor-version":[{"id":161177,"href":"https:\/\/elluchador.info\/index.php?rest_route=\/wp\/v2\/posts\/161175\/revisions\/161177"}],"wp:featuredmedia":[{"embeddable":true,"href":"https:\/\/elluchador.info\/index.php?rest_route=\/wp\/v2\/media\/161176"}],"wp:attachment":[{"href":"https:\/\/elluchador.info\/index.php?rest_route=%2Fwp%2Fv2%2Fmedia&parent=161175"}],"wp:term":[{"taxonomy":"category","embeddable":true,"href":"https:\/\/elluchador.info\/index.php?rest_route=%2Fwp%2Fv2%2Fcategories&post=161175"},{"taxonomy":"post_tag","embeddable":true,"href":"https:\/\/elluchador.info\/index.php?rest_route=%2Fwp%2Fv2%2Ftags&post=161175"}],"curies":[{"name":"wp","href":"https:\/\/api.w.org\/{rel}","templated":true}]}}