{"id":161195,"date":"2020-02-16T15:00:44","date_gmt":"2020-02-16T19:00:44","guid":{"rendered":"https:\/\/elluchador.info\/web\/?p=161195"},"modified":"2020-02-16T14:45:47","modified_gmt":"2020-02-16T18:45:47","slug":"el-carnaval-en-oriente-es-patrimonio","status":"publish","type":"post","link":"https:\/\/elluchador.info\/?p=161195","title":{"rendered":"El carnaval en Oriente es Patrimonio"},"content":{"rendered":"\n<p>Las fiestas de carnaval m\u00e1s llamativas son las que se viven principalmente en el Oriente del pa\u00eds. Sucre, con sus carnavales internacionales de Car\u00fapano; Monagas con el arreglo de sus calles, Anzo\u00e1tegui con sus celebraciones en el Paseo Col\u00f3n y Bol\u00edvar con sus madamas de El Callao.<\/p>\n\n\n\n<p><strong>Sucre<\/strong><br>La ciudad de Car\u00fapano celebra una de las carnestolendas m\u00e1s importantes del pa\u00eds. Es reconocido a nivel internacional y fue declarado Evento de Inter\u00e9s Tur\u00edstico por el Instituto de Patrimonio Cultural.<\/p>\n\n\n\n<p>La ciudad se convierte en el destino favorito de los temporadistas que desean celebrar sus carnavales. Son m\u00e1s de cinco d\u00edas de actividades recreativas que fomentan el sano esparcimiento para toda la familia.<\/p>\n\n\n\n<p>La festividad comenzar\u00e1 este viernes 21 con la elecci\u00f3n de la reina y mini reina, en el estadio Jos\u00e9 Francisco Berm\u00fadez. Habr\u00e1 desfile de carrozas, comparsas, presentaci\u00f3n de artistas nacionales, festivales playeros, ambientados con calipsos y tambor, como es costumbre.<\/p>\n\n\n\n<p>Otra de las caracter\u00edsticas de este festejo son las procesiones del Diablo Luis y del popular Carnaval\u00f3dromo, una exposici\u00f3n de coches antiguos.<\/p>\n\n\n\n<p><strong>Bol\u00edvar<\/strong><br>No puede quedar fuera la celebraci\u00f3n de El Callao, tradicional festejo declarado Patrimonio Inmaterial de la Humanidad.<br>Este a\u00f1o comenzar\u00e1 el d\u00eda 20 y el jolgorio seguir\u00e1 hasta el 26, con sus tradicionales desfile de las madamas, con ese acento caribe\u00f1o, producto de la mezcla con las islas vecinas.<\/p>\n\n\n\n<p><strong>Monagas<br><\/strong>Veinte calles se hab\u00edan inscrito para participar en la celebraci\u00f3n del Carnaval de Matur\u00edn, pero hasta el momento dos se retiraron por problemas econ\u00f3micos.<\/p>\n\n\n\n<p>El carnaval de Matur\u00edn es una fiesta folcl\u00f3rica que ya va para 50 a\u00f1os. Se caracateriza por las calles son adornadas con diferentes motivos y se hace un concurso para escoger la m\u00e1s llamativa.<\/p>\n\n\n\n<p>Willian Herrera, de la calle Alberto Ravell y quien por nueve a\u00f1os trabaj\u00f3 dise\u00f1ando la decoraci\u00f3n, coment\u00f3 que los altos costos de los materiales y la falta de aportes le impiden poder participar. Liliana S\u00e1nchez, de Los Guaritos, dijo que con esfuerzo entrar\u00e1 en la categor\u00eda de traje individual y comparsa.<\/p>\n\n\n\n<p>Las calles que han arrojado mayores premios son: Alberto Ravell, Negro Primero y La Manga. Generalmente colocan personajes, animales o continentes y hacen parodias. Es un esfuerzo de las comunidades la preparaci\u00f3n previa.<\/p>\n\n\n\n<p><strong>Anzo\u00e1tegui<\/strong><br>Las autoridades de Puerto La Cruz y Barcelona quieren este 2020 recuperar el brillo y proyecci\u00f3n internacional de los a\u00f1os 80. Las alcald\u00edas y el poder popular conjugan esfuerzos para ofrecer a propios y visitantes actividades recreativas y culturales.<\/p>\n\n\n\n<p>Silvia Matute, directora de Turismo porte\u00f1a, inform\u00f3 que las fiestas comenzaron con la elecci\u00f3n de la reina de la sexodiversidad y la presentaci\u00f3n a la prensa de las candidatas a los cinco reinados. Los desfiles ser\u00e1 el 21 en el Paseo Col\u00f3n. UN<\/p>\n","protected":false},"excerpt":{"rendered":"<p>Las fiestas de carnaval m\u00e1s llamativas son las que se viven principalmente en el Oriente del pa\u00eds. Sucre, con sus carnavales internacionales de Car\u00fapano; Monagas con el arreglo de sus calles, Anzo\u00e1tegui con sus celebraciones en el Paseo Col\u00f3n y Bol\u00edvar con sus madamas de El Callao. SucreLa ciudad de Car\u00fapano celebra una de las [&hellip;]<\/p>\n","protected":false},"author":2,"featured_media":161196,"comment_status":"closed","ping_status":"closed","sticky":false,"template":"","format":"standard","meta":{"footnotes":""},"categories":[5,9],"tags":[],"class_list":{"0":"post-161195","1":"post","2":"type-post","3":"status-publish","4":"format-standard","5":"has-post-thumbnail","7":"category-destacado","8":"category-nacionales"},"_links":{"self":[{"href":"https:\/\/elluchador.info\/index.php?rest_route=\/wp\/v2\/posts\/161195","targetHints":{"allow":["GET"]}}],"collection":[{"href":"https:\/\/elluchador.info\/index.php?rest_route=\/wp\/v2\/posts"}],"about":[{"href":"https:\/\/elluchador.info\/index.php?rest_route=\/wp\/v2\/types\/post"}],"author":[{"embeddable":true,"href":"https:\/\/elluchador.info\/index.php?rest_route=\/wp\/v2\/users\/2"}],"replies":[{"embeddable":true,"href":"https:\/\/elluchador.info\/index.php?rest_route=%2Fwp%2Fv2%2Fcomments&post=161195"}],"version-history":[{"count":1,"href":"https:\/\/elluchador.info\/index.php?rest_route=\/wp\/v2\/posts\/161195\/revisions"}],"predecessor-version":[{"id":161197,"href":"https:\/\/elluchador.info\/index.php?rest_route=\/wp\/v2\/posts\/161195\/revisions\/161197"}],"wp:featuredmedia":[{"embeddable":true,"href":"https:\/\/elluchador.info\/index.php?rest_route=\/wp\/v2\/media\/161196"}],"wp:attachment":[{"href":"https:\/\/elluchador.info\/index.php?rest_route=%2Fwp%2Fv2%2Fmedia&parent=161195"}],"wp:term":[{"taxonomy":"category","embeddable":true,"href":"https:\/\/elluchador.info\/index.php?rest_route=%2Fwp%2Fv2%2Fcategories&post=161195"},{"taxonomy":"post_tag","embeddable":true,"href":"https:\/\/elluchador.info\/index.php?rest_route=%2Fwp%2Fv2%2Ftags&post=161195"}],"curies":[{"name":"wp","href":"https:\/\/api.w.org\/{rel}","templated":true}]}}