{"id":161304,"date":"2020-02-17T10:33:01","date_gmt":"2020-02-17T14:33:01","guid":{"rendered":"https:\/\/elluchador.info\/web\/?p=161304"},"modified":"2020-02-17T10:22:58","modified_gmt":"2020-02-17T14:22:58","slug":"cinthya-solis-reina-electa-de-los-carnavales-turisticos-puerta-del-sur-2020","status":"publish","type":"post","link":"https:\/\/elluchador.info\/?p=161304","title":{"rendered":"Cinthya Sol\u00eds reina electa de los Carnavales Tur\u00edsticos Puerta del Sur 2020"},"content":{"rendered":"\n<p><strong> <\/strong>El municipio Piar, se visti\u00f3 de gala la noche del pasado s\u00e1bado,   evento que fue realizado en el Parque Bicentenario y propiciado por la alcaldesa Yulisbeth Garc\u00eda, a fin de elegir a la reina de los \u201cCarnavales Tur\u00edsticos Puerta del Sur 2020\u201d, \u201ccon gran receptividad, colorido, al ritmo del calipso y m\u00fasica por parte de talentos de Upata, los habitantes pudieron disfrutar en sana paz, agradeciendo a los patrocinantes y gobernador Justo Noguera Pietri, siguiendo con las tradiciones y costumbres del pueblo\u201d.<\/p>\n\n\n\n<p>Fueron once candidatas que participaron por la corona, donde luego de varios desfiles en trajes de fantas\u00edas y casual, el jurado calificador seleccion\u00f3 a Cinthya Sol\u00eds, como la reina de los \u201cCarnavales Tur\u00edsticos Puerta del Sur 2020\u201d, siendo coronada por la Alcaldesa de Piar, quien a su vez dijo, que hasta ahora ha sido una excelente planificaci\u00f3n y un valioso despliegue de seguridad por parte del Cicpc, Guardia Nacional, Polic\u00eda del Estado y Municipal.<\/p>\n\n\n\n<figure class=\"wp-block-image\"><img decoding=\"async\" src=\"blob:https:\/\/elluchador.info\/2352c00d-a7c8-4eac-b8b4-45d6bb7a247f\" alt=\"\"\/><\/figure>\n\n\n\n<p>Asimismo, la\nautoridad local resalt\u00f3 que dichas actividades culturales se iniciaron desde\nhace dos semanas, han sido muestras de las tradiciones que a\u00fan se mantienen en\nla poblaci\u00f3n, donde las familias han disfrutado del sano esparcimiento, \u201ces\nimportante mencionar que hemos contado con la visita de personas de otros\nmunicipios, quienes vieron con entusiasmo estas fiestas carnestolendas, al\nigual agradezco el apoyo por parte del sector privado\u201d, destac\u00f3.<\/p>\n\n\n\n<p><strong>Continuando\ncon las comparsas<\/strong><\/p>\n\n\n\n<p>De igual forma\nel pasado domingo, los habitantes salieron en comparsa con la banda de \u201cMiguel\ny sus Muchachos\u201d, recorriendo las calles del municipio, en compa\u00f1\u00eda de las\nmadamas y bailando al ritmo del calipso, participando las reinas de los\nCarnavales Tur\u00edsticos y de la Alcald\u00eda de Piar, con sus madrinas. <strong><\/strong><\/p>\n\n\n\n<p>Resalt\u00f3 la mandataria local, que continuar\u00e1 rescatando estas actividades acompa\u00f1ada de su equipo de trabajo, Poder Popular, y el apoyo incondicional del Gobierno Nacional del presidente Nicol\u00e1s Maduro y el gobernador del estado Bol\u00edvar Justo Noguera Pietri, \u201cseguiremos recreando a nuestros ni\u00f1os, ni\u00f1as, adolescentes y a toda la familia piarense\u201d, afirm\u00f3 Yulisbeth Garc\u00eda.<\/p>\n\n\n\n<p><strong>Indira Zamora<\/strong><\/p>\n\n\n\n<p><a href=\"mailto:indirazamora@gmail.com\">indirazamora@gmail.com<\/a><\/p>\n","protected":false},"excerpt":{"rendered":"<p>El municipio Piar, se visti\u00f3 de gala la noche del pasado s\u00e1bado, evento que fue realizado en el Parque Bicentenario y propiciado por la alcaldesa Yulisbeth Garc\u00eda, a fin de elegir a la reina de los \u201cCarnavales Tur\u00edsticos Puerta del Sur 2020\u201d, \u201ccon gran receptividad, colorido, al ritmo del calipso y m\u00fasica por parte de [&hellip;]<\/p>\n","protected":false},"author":2,"featured_media":161305,"comment_status":"closed","ping_status":"closed","sticky":false,"template":"","format":"standard","meta":{"footnotes":""},"categories":[5,12],"tags":[],"class_list":{"0":"post-161304","1":"post","2":"type-post","3":"status-publish","4":"format-standard","5":"has-post-thumbnail","7":"category-destacado","8":"category-regionales"},"_links":{"self":[{"href":"https:\/\/elluchador.info\/index.php?rest_route=\/wp\/v2\/posts\/161304","targetHints":{"allow":["GET"]}}],"collection":[{"href":"https:\/\/elluchador.info\/index.php?rest_route=\/wp\/v2\/posts"}],"about":[{"href":"https:\/\/elluchador.info\/index.php?rest_route=\/wp\/v2\/types\/post"}],"author":[{"embeddable":true,"href":"https:\/\/elluchador.info\/index.php?rest_route=\/wp\/v2\/users\/2"}],"replies":[{"embeddable":true,"href":"https:\/\/elluchador.info\/index.php?rest_route=%2Fwp%2Fv2%2Fcomments&post=161304"}],"version-history":[{"count":1,"href":"https:\/\/elluchador.info\/index.php?rest_route=\/wp\/v2\/posts\/161304\/revisions"}],"predecessor-version":[{"id":161306,"href":"https:\/\/elluchador.info\/index.php?rest_route=\/wp\/v2\/posts\/161304\/revisions\/161306"}],"wp:featuredmedia":[{"embeddable":true,"href":"https:\/\/elluchador.info\/index.php?rest_route=\/wp\/v2\/media\/161305"}],"wp:attachment":[{"href":"https:\/\/elluchador.info\/index.php?rest_route=%2Fwp%2Fv2%2Fmedia&parent=161304"}],"wp:term":[{"taxonomy":"category","embeddable":true,"href":"https:\/\/elluchador.info\/index.php?rest_route=%2Fwp%2Fv2%2Fcategories&post=161304"},{"taxonomy":"post_tag","embeddable":true,"href":"https:\/\/elluchador.info\/index.php?rest_route=%2Fwp%2Fv2%2Ftags&post=161304"}],"curies":[{"name":"wp","href":"https:\/\/api.w.org\/{rel}","templated":true}]}}