{"id":161345,"date":"2020-02-17T13:35:15","date_gmt":"2020-02-17T17:35:15","guid":{"rendered":"https:\/\/elluchador.info\/web\/?p=161345"},"modified":"2020-02-17T13:20:00","modified_gmt":"2020-02-17T17:20:00","slug":"maduro-reafirma-derechos-de-venezuela-sobre-territorio-esequibo","status":"publish","type":"post","link":"https:\/\/elluchador.info\/?p=161345","title":{"rendered":"Maduro reafirma derechos de Venezuela sobre territorio Esequibo"},"content":{"rendered":"\n<p>El presidente&nbsp;<strong>Nicol\u00e1s Maduro<\/strong>, ratific\u00f3 el compromiso de ejercer la diplomacia de paz en defensa de la soberan\u00eda, a prop\u00f3sito del 54\u00ba aniversario de la firma del Acuerdo de Ginera que reafirma el derecho de la naci\u00f3n sobre la Guayana Esequiba.<\/p>\n\n\n\n<blockquote class=\"wp-block-quote is-layout-flow wp-block-quote-is-layout-flow\"><p>\u00abRecordamos 54 a\u00f1os de la firma del Acuerdo de Ginebra que reafirma el derecho leg\u00edtimo de nuestra Patria, sobre la Guayana Esequiba. A trav\u00e9s de nuestra Diplomacia Bolivariana de Paz, seguiremos en defensa de nuestra soberan\u00eda, porque: \u00a1El Sol de Venezuela, nace en el Esequibo!\u00bb, escribi\u00f3 el Jefe de Estado en el Twitter.<\/p><\/blockquote>\n\n\n\n<p>El 17 de febrero de 1966 fue suscrito el Acuerdo de Ginebra, en la capital suiza del mismo nombre, que estableci\u00f3 los mecanismos para iniciar un proceso de tratamiento del llamado diferendo hist\u00f3rico por el Esequibo entre Venezuela y la Rep\u00fablica que se derivaba de la concepci\u00f3n de la independencia de Guyana por parte del Reino Unido, que para ese momento ten\u00eda un gobierno interino, refiere nota del diario Correo del Orinoco.<\/p>\n\n\n\n<p>En el documento, ambas partes acordaron la creaci\u00f3n de \u00abuna Comisi\u00f3n Mixta, con el encargo de buscar soluciones satisfactorias para el arreglo pr\u00e1ctico de la controversia entre Venezuela y el Reino Unido surgida como consecuencia de la contenci\u00f3n venezolana de que el Laudo arbitral de 1899 sobre la frontera entre Venezuela y Guayana Brit\u00e1nica es nulo e \u00edrrito\u00bb, reza el texto.<\/p>\n\n\n\n<p>En julio de 2015, Venezuela solicit\u00f3 formalmente a la Organizaci\u00f3n de las Naciones Unidas (ONU) la designaci\u00f3n de un Buen Oficiante para mediar en el conflicto con Guyana.<\/p>\n\n\n\n<figure class=\"wp-block-embed-twitter wp-block-embed is-type-rich is-provider-twitter\"><div class=\"wp-block-embed__wrapper\">\n<blockquote class=\"twitter-tweet\" data-width=\"550\" data-dnt=\"true\"><p lang=\"es\" dir=\"ltr\">Recordamos 54 a\u00f1os de la firma del Acuerdo de Ginebra que reafirma el derecho leg\u00edtimo de nuestra Patria, sobre la Guayana Esequiba. A trav\u00e9s de nuestra Diplomacia Bolivariana de Paz, seguiremos en defensa de nuestra soberan\u00eda, porque: \u00a1El Sol de Venezuela, Nace en el Esequibo! <a href=\"https:\/\/t.co\/yKUTILq7qX\">pic.twitter.com\/yKUTILq7qX<\/a><\/p>&mdash; Nicol\u00e1s Maduro (@NicolasMaduro) <a href=\"https:\/\/twitter.com\/NicolasMaduro\/status\/1229365671420665857?ref_src=twsrc%5Etfw\">February 17, 2020<\/a><\/blockquote><script async src=\"https:\/\/platform.twitter.com\/widgets.js\" charset=\"utf-8\"><\/script>\n<\/div><\/figure>\n\n\n\n<p>AVN<\/p>\n","protected":false},"excerpt":{"rendered":"<p>El presidente&nbsp;Nicol\u00e1s Maduro, ratific\u00f3 el compromiso de ejercer la diplomacia de paz en defensa de la soberan\u00eda, a prop\u00f3sito del 54\u00ba aniversario de la firma del Acuerdo de Ginera que reafirma el derecho de la naci\u00f3n sobre la Guayana Esequiba. \u00abRecordamos 54 a\u00f1os de la firma del Acuerdo de Ginebra que reafirma el derecho leg\u00edtimo [&hellip;]<\/p>\n","protected":false},"author":2,"featured_media":161346,"comment_status":"closed","ping_status":"closed","sticky":false,"template":"","format":"standard","meta":{"footnotes":""},"categories":[5,9],"tags":[],"class_list":{"0":"post-161345","1":"post","2":"type-post","3":"status-publish","4":"format-standard","5":"has-post-thumbnail","7":"category-destacado","8":"category-nacionales"},"_links":{"self":[{"href":"https:\/\/elluchador.info\/index.php?rest_route=\/wp\/v2\/posts\/161345","targetHints":{"allow":["GET"]}}],"collection":[{"href":"https:\/\/elluchador.info\/index.php?rest_route=\/wp\/v2\/posts"}],"about":[{"href":"https:\/\/elluchador.info\/index.php?rest_route=\/wp\/v2\/types\/post"}],"author":[{"embeddable":true,"href":"https:\/\/elluchador.info\/index.php?rest_route=\/wp\/v2\/users\/2"}],"replies":[{"embeddable":true,"href":"https:\/\/elluchador.info\/index.php?rest_route=%2Fwp%2Fv2%2Fcomments&post=161345"}],"version-history":[{"count":1,"href":"https:\/\/elluchador.info\/index.php?rest_route=\/wp\/v2\/posts\/161345\/revisions"}],"predecessor-version":[{"id":161347,"href":"https:\/\/elluchador.info\/index.php?rest_route=\/wp\/v2\/posts\/161345\/revisions\/161347"}],"wp:featuredmedia":[{"embeddable":true,"href":"https:\/\/elluchador.info\/index.php?rest_route=\/wp\/v2\/media\/161346"}],"wp:attachment":[{"href":"https:\/\/elluchador.info\/index.php?rest_route=%2Fwp%2Fv2%2Fmedia&parent=161345"}],"wp:term":[{"taxonomy":"category","embeddable":true,"href":"https:\/\/elluchador.info\/index.php?rest_route=%2Fwp%2Fv2%2Fcategories&post=161345"},{"taxonomy":"post_tag","embeddable":true,"href":"https:\/\/elluchador.info\/index.php?rest_route=%2Fwp%2Fv2%2Ftags&post=161345"}],"curies":[{"name":"wp","href":"https:\/\/api.w.org\/{rel}","templated":true}]}}