{"id":161400,"date":"2020-02-18T09:45:31","date_gmt":"2020-02-18T13:45:31","guid":{"rendered":"https:\/\/elluchador.info\/web\/?p=161400"},"modified":"2020-02-18T09:35:34","modified_gmt":"2020-02-18T13:35:34","slug":"canciller-de-portugal-considero-la-suspension-de-la-aerolinea-tap-como-un-acto-hostil","status":"publish","type":"post","link":"https:\/\/elluchador.info\/?p=161400","title":{"rendered":"Canciller de Portugal consider\u00f3 la suspensi\u00f3n de la aerol\u00ednea TAP como un acto hostil"},"content":{"rendered":"\n<p>El ministro de Relaciones\nExteriores, Augusto Santos Silva, asegur\u00f3 este martes 18 de febrero que la\ndecisi\u00f3n del gobierno venezolano de Nicol\u00e1s Maduro de suspender las operaciones\nde TAP no cuenta \u201ccon ning\u00fan tipo de justificaci\u00f3n\u201d.<\/p>\n\n\n\n<p>El funcionario asegur\u00f3 que es una\nmedida inconcebible \u201cen un Estado que quiere seguir el Estado de derecho\u201d. Es\nuna medida que atenta contra los venezolanos y es un acto hostil para Portugal,\nun pa\u00eds que se ha caracterizado por la capacidad de hablar con todos\u201d.<\/p>\n\n\n\n<p>\u201cEsto es completamente infundado\ne injustificado. No veo ning\u00fan tipo de justificaci\u00f3n, ya sea por la historia de\nTAP en Venezuela, por lo que TAP ya ha dicho y porque no hay evidencia. No se\nhan presentado pruebas para analizar de manera objetiva el caso, aparte de unas\nalegaciones\u201d, dijo Silva.<\/p>\n\n\n\n<p>Indic\u00f3 el canciller Augusto\nSantos Silva, de acuerdo a sus declaraciones al medio portugu\u00e9s Observador, que\nla reacci\u00f3n del gobierno venezolano \u201ces un acto hostil para Portugal (\u2026) que no\nha hecho nada m\u00e1s en la relaci\u00f3n con Venezuela que contribuir para que los\nvenezolanos puedan superar la crisis pol\u00edtica y humanitaria en la que est\u00e1n\ninmersos. No hemos hecho nada m\u00e1s que buscar ayudar\u201d.<\/p>\n\n\n\n<p>Tambi\u00e9n reproch\u00f3 que se\nsuspendiera por 90 d\u00edas las operaciones de la aerol\u00ednea TAP. \u201cSe tom\u00f3 una\ndecisi\u00f3n tomar una decisi\u00f3n \u201csin escuchar, en este caso, a la aerol\u00ednea\npenalizada, es inconcebible\u201d.<\/p>\n\n\n\n<p>La tarde del pasado lunes, el\nGobierno de Venezuela decidi\u00f3 suspender por un lapso de \u201c90 d\u00edas\u201d las\noperaciones en el pa\u00eds de la aerol\u00ednea TAP Air Portugal por incumplimiento e\nirregularidades en los \u201cprocedimientos internacionales\u201d.<\/p>\n\n\n\n<p>La informaci\u00f3n la dio a conocer\nel ministro para el Transporte, Hip\u00f3lito Abreu, en su cuenta en Twitter\n@tupamarohipolit.<\/p>\n\n\n\n<p>\u201cDebido a las graves irregularidades cometidas en el vuelo TP173 y en apego a la normativa aeron\u00e1utica civil nacional, se suspende por 90 d\u00edas las operaciones de la l\u00ednea a\u00e9rea TAP hacia nuestro territorio, como medida cautelar en resguardo de la seguridad operacional de Venezuela\u201d, escribi\u00f3 el funcionario en la red social.<\/p>\n\n\n\n<p><strong>Panorama.com<\/strong><\/p>\n","protected":false},"excerpt":{"rendered":"<p>El ministro de Relaciones Exteriores, Augusto Santos Silva, asegur\u00f3 este martes 18 de febrero que la decisi\u00f3n del gobierno venezolano de Nicol\u00e1s Maduro de suspender las operaciones de TAP no cuenta \u201ccon ning\u00fan tipo de justificaci\u00f3n\u201d. El funcionario asegur\u00f3 que es una medida inconcebible \u201cen un Estado que quiere seguir el Estado de derecho\u201d. Es [&hellip;]<\/p>\n","protected":false},"author":2,"featured_media":161401,"comment_status":"closed","ping_status":"closed","sticky":false,"template":"","format":"standard","meta":{"footnotes":""},"categories":[5,8],"tags":[],"class_list":{"0":"post-161400","1":"post","2":"type-post","3":"status-publish","4":"format-standard","5":"has-post-thumbnail","7":"category-destacado","8":"category-internacionales"},"_links":{"self":[{"href":"https:\/\/elluchador.info\/index.php?rest_route=\/wp\/v2\/posts\/161400","targetHints":{"allow":["GET"]}}],"collection":[{"href":"https:\/\/elluchador.info\/index.php?rest_route=\/wp\/v2\/posts"}],"about":[{"href":"https:\/\/elluchador.info\/index.php?rest_route=\/wp\/v2\/types\/post"}],"author":[{"embeddable":true,"href":"https:\/\/elluchador.info\/index.php?rest_route=\/wp\/v2\/users\/2"}],"replies":[{"embeddable":true,"href":"https:\/\/elluchador.info\/index.php?rest_route=%2Fwp%2Fv2%2Fcomments&post=161400"}],"version-history":[{"count":1,"href":"https:\/\/elluchador.info\/index.php?rest_route=\/wp\/v2\/posts\/161400\/revisions"}],"predecessor-version":[{"id":161402,"href":"https:\/\/elluchador.info\/index.php?rest_route=\/wp\/v2\/posts\/161400\/revisions\/161402"}],"wp:featuredmedia":[{"embeddable":true,"href":"https:\/\/elluchador.info\/index.php?rest_route=\/wp\/v2\/media\/161401"}],"wp:attachment":[{"href":"https:\/\/elluchador.info\/index.php?rest_route=%2Fwp%2Fv2%2Fmedia&parent=161400"}],"wp:term":[{"taxonomy":"category","embeddable":true,"href":"https:\/\/elluchador.info\/index.php?rest_route=%2Fwp%2Fv2%2Fcategories&post=161400"},{"taxonomy":"post_tag","embeddable":true,"href":"https:\/\/elluchador.info\/index.php?rest_route=%2Fwp%2Fv2%2Ftags&post=161400"}],"curies":[{"name":"wp","href":"https:\/\/api.w.org\/{rel}","templated":true}]}}