{"id":161488,"date":"2020-02-18T17:10:49","date_gmt":"2020-02-18T21:10:49","guid":{"rendered":"https:\/\/elluchador.info\/web\/?p=161488"},"modified":"2020-02-18T15:41:06","modified_gmt":"2020-02-18T19:41:06","slug":"alcalde-de-caroni-tito-oviedo-presento-memoria-y-cuenta-de-gestion-2019","status":"publish","type":"post","link":"https:\/\/elluchador.info\/?p=161488","title":{"rendered":"Alcalde de Caron\u00ed Tito Oviedo present\u00f3 Memoria y Cuenta de Gesti\u00f3n 2019"},"content":{"rendered":"\n<p>Exaltando el alto nivel de compromiso que existe en la recuperaci\u00f3n de los espacios, llevar hasta el pueblo soberano acciones que permitan fortalecer la atenci\u00f3n y servicios para mejorar su calidad de vida, el alcalde de Caron\u00ed, Tito Oviedo, present\u00f3 este martes su Memoria y Cuenta de Gesti\u00f3n 2019.<\/p>\n\n\n\n<p>Durante su exposici\u00f3n, Oviedo, agradeci\u00f3 el acompa\u00f1amiento del poder popular, de autoridades regionales y municipales, secretarios y jefes de divisiones de la Alcald\u00eda de Caron\u00ed, as\u00ed como de trabajadores de la municipalidad, a quienes defini\u00f3 como actores fundamentales del \u00e9xito y avance de su gesti\u00f3n, que se enrumba a su tercer aniversario.<\/p>\n\n\n\n<p><strong>Tres escenarios<\/strong><\/p>\n\n\n\n<p>Nueva institucionalidad, poder popular y Ciudad Guayana para Vivir, son los tres v\u00e9rtices que marcaron la pauta para consolidar&nbsp; la Memoria y Cuenta de Gesti\u00f3n, que re\u00fane los acontecimientos m\u00e1s importantes cumplidos durante el a\u00f1o 2109, por el alcalde Tito Oviedo.<\/p>\n\n\n\n<p>La m\u00e1xima autoridad destac\u00f3 que la nueva institucionalidad refiere al fortalecimiento y adecuaci\u00f3n de la&nbsp;instituci\u00f3n, a las pol\u00edticas nacionales en el \u00e1mbito social, pol\u00edtico y econ\u00f3mico; es decir, a la necesidad de elevar la capacidad de dar respuestas al pueblo y hacia lo interno.<\/p>\n\n\n\n<p>\u201cComo logro podemos mencionar la adecuaci\u00f3n tecnol\u00f3gica para seguir haciendo gesti\u00f3n y dar respuestas oportunas en el menor tiempo posible, como es el caso de la Superintendencia de Tributos Caron\u00ed, donde habilitamos el pago de impuestos v\u00eda online, para facilitar este tr\u00e1mite a nuestros contribuyentes.<\/p>\n\n\n\n<p>Tambi\u00e9n cumplimos con la dotaci\u00f3n de uniformes e implementos a m\u00e1s de 3 mil 600 trabajadores de la municipalidad, incluidos Bomberos Municipales, Protecci\u00f3n Civil Caron\u00ed y Polic\u00eda Municipal de Caron\u00ed\u201d. Detall\u00f3 Oviedo.<\/p>\n\n\n\n<p>Otro de los logros mencionados por el alcalde de Caron\u00ed fue la organizaci\u00f3n del plan vacacional para los hijos de los trabajadores; \u201cesfuerzo que celebramos y estamos seguros de volver a realizar durante este a\u00f1o\u201d.<\/p>\n\n\n\n<p><strong>Poder comunal<\/strong><\/p>\n\n\n\n<p>En su discurso, la m\u00e1xima autoridad local fue enf\u00e1tico en se\u00f1alar el fortalecimiento del poder comunal, para avanzar hacia la consolidaci\u00f3n del poder popular, con la premisa de alcanzar la Constituyente Municipal, as\u00ed como las acciones desarrolladas e impulsadas como medio de expresi\u00f3n y del quehacer pueblo gobierno.<\/p>\n\n\n\n<p>\u201cLos gobiernos populares de eficiencia en la calle, nos permitieron brindar atenci\u00f3n integral en los servicios de salud, vacunaci\u00f3n, parto humanizado, sistema de protecci\u00f3n al ni\u00f1o, ni\u00f1a y adolescente, registro civil, cultura, recreaci\u00f3n y deporte, a m\u00e1s de 90 mil personas.<\/p>\n\n\n\n<p>Con las Ferias del Campo Soberano entregamos alimentos a precios accesibles a m\u00e1s de 40 mil personas, mensualmente. Tambi\u00e9n logramos la incorporaci\u00f3n de 300 estudiantes al Programa de Becas Manuel Piar\u201d. Explic\u00f3 Oviedo.<\/p>\n\n\n\n<p><strong>Ciudad Guayana para Vivir<\/strong><\/p>\n\n\n\n<p>Durante su presentaci\u00f3n, Oviedo, mencion\u00f3 la participaci\u00f3n, aporte e integraci\u00f3n de y todos en cada uno de los procesos construidos para mejorar la ciudad, y hacerla m\u00e1s vivible para las generaciones que est\u00e1n&nbsp;creciendo y las que est\u00e1n por venir.<\/p>\n\n\n\n<p>\u201cTrabajamos fuerte con Corposervicios Guayana&nbsp; y Supraguayana en la recolecci\u00f3n de desechos s\u00f3lidos, con Misi\u00f3n Venezuela Bella en recuperaci\u00f3n de \u00e1reas verdes, muralismos, sem\u00e1foros, asfaltado e iluminaci\u00f3n del Paseo Caron\u00ed en Puerto Ordaz y parte de la avenida Manuel Piar en San F\u00e9lix.<\/p>\n\n\n\n<p>Entregamos t\u00edtulos de tierras y c\u00f3digos catastrales, como nuestra base y sustento en materia urbana; dimos grandes pasos en el ordenamiento vial, con la reubicaci\u00f3n de la econom\u00eda popular en Alta Vista, Puerto Ordaz, con apoyo de la Polic\u00eda Municipal de Caron\u00ed\u201d.<\/p>\n\n\n\n<p>Oviedo dijo que tambi\u00e9n se exalt\u00f3 el turismo, cultura y deporte con las ferias artesanales y gastron\u00f3micas. \u201cRealizamos el carnaval m\u00e1s importante del estado Bol\u00edvar; ruta tur\u00edstica; recorrido por los balnearios; desfile del 11 de Abril; Paso a Nado y Media Marat\u00f3n de la Ciudad\u201d.<\/p>\n\n\n\n<p><strong>Cuentas transparentes<\/strong><\/p>\n\n\n\n<p>Durante 2019, la Alcald\u00eda de Caron\u00ed presupuest\u00f3 un monto de 27 mil 237 &nbsp;millones 830 mil 987 bol\u00edvares, distribuidos en un 61% en gastos de inversi\u00f3n y 39% en gastos corrientes.<\/p>\n\n\n\n<p>\u201cEn tres a\u00f1os logramos trasformar el uso de los recursos asignados, donde la inversi\u00f3n fue nuestro norte, para recuperar la ciudad y los servicios p\u00fablicos, sin dejar de cumplir con nuestros compromisos internos; porque los trabajadores son fundamentales para estos procesos diarios que vivimos en la municipalidad\u201d. Afirm\u00f3 Oviedo.<\/p>\n\n\n\n<p>El alcalde de Caron\u00ed agradeci\u00f3 durante su discurso al gobernador del estado Bol\u00edvar, Justo Noguera Pietri, por todo el apoyo que ha brindado para el avance del Municipio y para el desarrollo de Guayana.<\/p>\n\n\n\n<p><strong>Prensa Alcald\u00eda de Caron\u00ed<\/strong><\/p>\n","protected":false},"excerpt":{"rendered":"<p>Exaltando el alto nivel de compromiso que existe en la recuperaci\u00f3n de los espacios, llevar hasta el pueblo soberano acciones que permitan fortalecer la atenci\u00f3n y servicios para mejorar su calidad de vida, el alcalde de Caron\u00ed, Tito Oviedo, present\u00f3 este martes su Memoria y Cuenta de Gesti\u00f3n 2019. Durante su exposici\u00f3n, Oviedo, agradeci\u00f3 el [&hellip;]<\/p>\n","protected":false},"author":2,"featured_media":161490,"comment_status":"closed","ping_status":"closed","sticky":false,"template":"","format":"standard","meta":{"footnotes":""},"categories":[12],"tags":[],"class_list":{"0":"post-161488","1":"post","2":"type-post","3":"status-publish","4":"format-standard","5":"has-post-thumbnail","7":"category-regionales"},"_links":{"self":[{"href":"https:\/\/elluchador.info\/index.php?rest_route=\/wp\/v2\/posts\/161488","targetHints":{"allow":["GET"]}}],"collection":[{"href":"https:\/\/elluchador.info\/index.php?rest_route=\/wp\/v2\/posts"}],"about":[{"href":"https:\/\/elluchador.info\/index.php?rest_route=\/wp\/v2\/types\/post"}],"author":[{"embeddable":true,"href":"https:\/\/elluchador.info\/index.php?rest_route=\/wp\/v2\/users\/2"}],"replies":[{"embeddable":true,"href":"https:\/\/elluchador.info\/index.php?rest_route=%2Fwp%2Fv2%2Fcomments&post=161488"}],"version-history":[{"count":1,"href":"https:\/\/elluchador.info\/index.php?rest_route=\/wp\/v2\/posts\/161488\/revisions"}],"predecessor-version":[{"id":161491,"href":"https:\/\/elluchador.info\/index.php?rest_route=\/wp\/v2\/posts\/161488\/revisions\/161491"}],"wp:featuredmedia":[{"embeddable":true,"href":"https:\/\/elluchador.info\/index.php?rest_route=\/wp\/v2\/media\/161490"}],"wp:attachment":[{"href":"https:\/\/elluchador.info\/index.php?rest_route=%2Fwp%2Fv2%2Fmedia&parent=161488"}],"wp:term":[{"taxonomy":"category","embeddable":true,"href":"https:\/\/elluchador.info\/index.php?rest_route=%2Fwp%2Fv2%2Fcategories&post=161488"},{"taxonomy":"post_tag","embeddable":true,"href":"https:\/\/elluchador.info\/index.php?rest_route=%2Fwp%2Fv2%2Ftags&post=161488"}],"curies":[{"name":"wp","href":"https:\/\/api.w.org\/{rel}","templated":true}]}}