{"id":161550,"date":"2020-02-19T11:56:22","date_gmt":"2020-02-19T15:56:22","guid":{"rendered":"https:\/\/elluchador.info\/web\/?p=161550"},"modified":"2020-02-19T11:46:58","modified_gmt":"2020-02-19T15:46:58","slug":"tribunal-electoral-de-bolivia-inhabilita-candidatura-parlamentaria-de-evo-morales","status":"publish","type":"post","link":"https:\/\/elluchador.info\/?p=161550","title":{"rendered":"Tribunal Electoral de Bolivia inhabilita candidatura parlamentaria de Evo Morales"},"content":{"rendered":"\n<p>El\u00a0Tribunal Supremo Electoral\u00a0(TSE) de Bolivia resolvi\u00f3 inhabilitar la candidatura parlamentaria del expresidente Evo Morales (2006-2019), quien estaba inscrito en la lista de aspirantes al Senado del\u00a0Movimiento Al Socialismo\u00a0(MAS) para las elecciones de mayo, report\u00f3 el diario local El Deber.<\/p>\n\n\n\n<p>\u00abDespu\u00e9s de un prolongado debate que se extendi\u00f3 hasta la medianoche, la sala plena del Tribunal Supremo Electoral decidi\u00f3 inhabilitar las candidaturas de Evo Morales y [el excanciller] Diego Pary\u00bb, public\u00f3 ese medio en su web, citando \u00abfuentes de primera mano\u00bb del MAS.<\/p>\n\n\n\n<p>Sin embargo, el \u00f3rgano electoral resolvi\u00f3 al mismo tiempo habilitar al candidato presidencial del MAS, el exministro de Econom\u00eda&nbsp;Luis Arce, a\u00f1adi\u00f3 El Deber.<\/p>\n\n\n\n<p>El TSE prev\u00e9 anunciar m\u00e1s tarde este 19 de febrero su decisi\u00f3n sobre las candidaturas que estaban pendientes de habilitaci\u00f3n o rechazo, a\u00f1adi\u00f3 el medio.<\/p>\n\n\n\n<p>El MAS se hab\u00eda declarado en \u00abestado de emergencia permanente\u00bb ante lo que denunci\u00f3 como intento de inhabilitar la postulaci\u00f3n parlamentaria de Morales \u00abpor intereses mezquinos antidemocr\u00e1ticos\u00bb.<\/p>\n\n\n\n<p>Morales ya hab\u00eda sido vetado como candidato presidencial por el acuerdo parlamentario de diciembre que dio paso a&nbsp;las elecciones de mayo&nbsp;tras la anulaci\u00f3n de&nbsp;los comicios de octubre pasado&nbsp;que \u00e9l hab\u00eda ganado, pero que terminaron anulados por supuesto fraude.<\/p>\n\n\n\n<p>Posteriormente, la candidatura del expresidente al Senado hab\u00eda sido observada tanto por el TSE como por sus rivales pol\u00edticos con el argumento, entre otros, de que Morales, igual que Pary, no cumpl\u00edan el requisito constitucional de residencia permanente en Bolivia por haber salido al exilio tras su ca\u00edda en noviembre.<\/p>\n\n\n\n<p>Arce, el presidenciable masista, estuvo tambi\u00e9n exiliado hasta que\u00a0retorn\u00f3 el mes pasado\u00a0para iniciar su campa\u00f1a y enfrentar un juicio impulsado por el Gobierno transitorio de Jeanine \u00c1\u00f1ez por presunto incumplimiento de deberes en un caso de corrupci\u00f3n.<\/p>\n\n\n\n<p><strong>Cortes\u00eda<\/strong><\/p>\n","protected":false},"excerpt":{"rendered":"<p>El\u00a0Tribunal Supremo Electoral\u00a0(TSE) de Bolivia resolvi\u00f3 inhabilitar la candidatura parlamentaria del expresidente Evo Morales (2006-2019), quien estaba inscrito en la lista de aspirantes al Senado del\u00a0Movimiento Al Socialismo\u00a0(MAS) para las elecciones de mayo, report\u00f3 el diario local El Deber. \u00abDespu\u00e9s de un prolongado debate que se extendi\u00f3 hasta la medianoche, la sala plena del Tribunal [&hellip;]<\/p>\n","protected":false},"author":2,"featured_media":161552,"comment_status":"closed","ping_status":"closed","sticky":false,"template":"","format":"standard","meta":{"footnotes":""},"categories":[8],"tags":[],"class_list":{"0":"post-161550","1":"post","2":"type-post","3":"status-publish","4":"format-standard","5":"has-post-thumbnail","7":"category-internacionales"},"_links":{"self":[{"href":"https:\/\/elluchador.info\/index.php?rest_route=\/wp\/v2\/posts\/161550","targetHints":{"allow":["GET"]}}],"collection":[{"href":"https:\/\/elluchador.info\/index.php?rest_route=\/wp\/v2\/posts"}],"about":[{"href":"https:\/\/elluchador.info\/index.php?rest_route=\/wp\/v2\/types\/post"}],"author":[{"embeddable":true,"href":"https:\/\/elluchador.info\/index.php?rest_route=\/wp\/v2\/users\/2"}],"replies":[{"embeddable":true,"href":"https:\/\/elluchador.info\/index.php?rest_route=%2Fwp%2Fv2%2Fcomments&post=161550"}],"version-history":[{"count":1,"href":"https:\/\/elluchador.info\/index.php?rest_route=\/wp\/v2\/posts\/161550\/revisions"}],"predecessor-version":[{"id":161553,"href":"https:\/\/elluchador.info\/index.php?rest_route=\/wp\/v2\/posts\/161550\/revisions\/161553"}],"wp:featuredmedia":[{"embeddable":true,"href":"https:\/\/elluchador.info\/index.php?rest_route=\/wp\/v2\/media\/161552"}],"wp:attachment":[{"href":"https:\/\/elluchador.info\/index.php?rest_route=%2Fwp%2Fv2%2Fmedia&parent=161550"}],"wp:term":[{"taxonomy":"category","embeddable":true,"href":"https:\/\/elluchador.info\/index.php?rest_route=%2Fwp%2Fv2%2Fcategories&post=161550"},{"taxonomy":"post_tag","embeddable":true,"href":"https:\/\/elluchador.info\/index.php?rest_route=%2Fwp%2Fv2%2Ftags&post=161550"}],"curies":[{"name":"wp","href":"https:\/\/api.w.org\/{rel}","templated":true}]}}