{"id":161591,"date":"2020-02-19T14:54:15","date_gmt":"2020-02-19T18:54:15","guid":{"rendered":"https:\/\/elluchador.info\/web\/?p=161591"},"modified":"2020-02-19T14:44:41","modified_gmt":"2020-02-19T18:44:41","slug":"gobierno-nacional-realiza-plan-de-prevencion-de-enfermedades-respiratorias-agudas","status":"publish","type":"post","link":"https:\/\/elluchador.info\/?p=161591","title":{"rendered":"Gobierno Nacional realiza Plan de Prevenci\u00f3n de Enfermedades Respiratorias Agudas"},"content":{"rendered":"\n<p>El ministro del Poder Popular para la Salud,\u00a0Carlos Alvarado,\u00a0inform\u00f3 que se est\u00e1 elaborando un Plan de Prevenci\u00f3n de Enfermedades Respiratorias Agudas de la mano de la sociedad cient\u00edfica para apoyar a las organizaciones de este sector en el mundo, al igual que el Plan Nacional de Protecci\u00f3n y Contenci\u00f3n del Coronavirus, para evitar la entrada de este nuevo virus al pa\u00eds.<\/p>\n\n\n\n<p>\u201cEstamos vinculados con todos los actores del sector salud, incluidas las sociedades cient\u00edficas y m\u00e9dicas con el apoyo de la Organizaci\u00f3n Panamericana de la Salud y la Organizaci\u00f3n Mundial de la Salud (OMS)\u201d, indic\u00f3.<\/p>\n\n\n\n<p>Venezuela mantiene la vigilancia epidemiol\u00f3gica para infecciones respiratorias agudas, como parte del plan sanitario que se adelanta en el Estado para, en concordancia con los lineamientos de la OMS, evitar y frenar el avance del coronavirus<\/p>\n\n\n\n<p>Asimismo, indic\u00f3 que a\u00fan no hay casos confirmados del &nbsp;coronavirus Covid-19 en Venezuela y se\u00f1al\u00f3 que de presentarse una patolog\u00eda, el pa\u00eds se encuentra preparado para su tratamiento, as\u00ed como para la prevenci\u00f3n.<\/p>\n\n\n\n<p>\u201cRatificamos que en Venezuela no tenemos casos confirmados de coronavirus, ni en Latinoam\u00e9rica. En el pa\u00eds estamos preparados por si llegara a presentarse alg\u00fan caso de este nuevo virus de infecci\u00f3n respiratoria aguda\u201d, expres\u00f3 Alvarado en el programa Salud Soberana, transmitido por la emisora Radio Nacional de Venezuela.<\/p>\n\n\n\n<p><strong>Cortes\u00eda<\/strong><\/p>\n","protected":false},"excerpt":{"rendered":"<p>El ministro del Poder Popular para la Salud,\u00a0Carlos Alvarado,\u00a0inform\u00f3 que se est\u00e1 elaborando un Plan de Prevenci\u00f3n de Enfermedades Respiratorias Agudas de la mano de la sociedad cient\u00edfica para apoyar a las organizaciones de este sector en el mundo, al igual que el Plan Nacional de Protecci\u00f3n y Contenci\u00f3n del Coronavirus, para evitar la entrada [&hellip;]<\/p>\n","protected":false},"author":2,"featured_media":161593,"comment_status":"closed","ping_status":"closed","sticky":false,"template":"","format":"standard","meta":{"footnotes":""},"categories":[9],"tags":[],"class_list":{"0":"post-161591","1":"post","2":"type-post","3":"status-publish","4":"format-standard","5":"has-post-thumbnail","7":"category-nacionales"},"_links":{"self":[{"href":"https:\/\/elluchador.info\/index.php?rest_route=\/wp\/v2\/posts\/161591","targetHints":{"allow":["GET"]}}],"collection":[{"href":"https:\/\/elluchador.info\/index.php?rest_route=\/wp\/v2\/posts"}],"about":[{"href":"https:\/\/elluchador.info\/index.php?rest_route=\/wp\/v2\/types\/post"}],"author":[{"embeddable":true,"href":"https:\/\/elluchador.info\/index.php?rest_route=\/wp\/v2\/users\/2"}],"replies":[{"embeddable":true,"href":"https:\/\/elluchador.info\/index.php?rest_route=%2Fwp%2Fv2%2Fcomments&post=161591"}],"version-history":[{"count":1,"href":"https:\/\/elluchador.info\/index.php?rest_route=\/wp\/v2\/posts\/161591\/revisions"}],"predecessor-version":[{"id":161594,"href":"https:\/\/elluchador.info\/index.php?rest_route=\/wp\/v2\/posts\/161591\/revisions\/161594"}],"wp:featuredmedia":[{"embeddable":true,"href":"https:\/\/elluchador.info\/index.php?rest_route=\/wp\/v2\/media\/161593"}],"wp:attachment":[{"href":"https:\/\/elluchador.info\/index.php?rest_route=%2Fwp%2Fv2%2Fmedia&parent=161591"}],"wp:term":[{"taxonomy":"category","embeddable":true,"href":"https:\/\/elluchador.info\/index.php?rest_route=%2Fwp%2Fv2%2Fcategories&post=161591"},{"taxonomy":"post_tag","embeddable":true,"href":"https:\/\/elluchador.info\/index.php?rest_route=%2Fwp%2Fv2%2Ftags&post=161591"}],"curies":[{"name":"wp","href":"https:\/\/api.w.org\/{rel}","templated":true}]}}