{"id":161643,"date":"2020-02-20T10:04:52","date_gmt":"2020-02-20T14:04:52","guid":{"rendered":"https:\/\/elluchador.info\/web\/?p=161643"},"modified":"2020-02-20T13:09:09","modified_gmt":"2020-02-20T17:09:09","slug":"grupo-de-lima-se-reunira-este-jueves-en-canada","status":"publish","type":"post","link":"https:\/\/elluchador.info\/?p=161643","title":{"rendered":"Grupo de Lima se reunir\u00e1  en Canad\u00e1"},"content":{"rendered":"\n<p>El\u00a0Grupo de Lima se reunir\u00e1 este jueves en Canad\u00e1<strong>,<\/strong>\u00a0junto a observadores que no integran el bloque para discutir y decidir nuevas acciones orientadas a promover una soluci\u00f3n a la crisis que vive Venezuela.<\/p>\n\n\n\n<p>En una reuni\u00f3n entre el canciller de Brasil,&nbsp;<strong>Ernesto Ara\u00fajo<\/strong>&nbsp;y de Guatemala,&nbsp;<strong>Pedro Brolo,<\/strong>&nbsp;dijeron que la reuni\u00f3n tambi\u00e9n servir\u00e1 para debatir las candidaturas a la secretar\u00eda general de la OEA, \u00abno es para unir esfuerzos para votar por un candidato, es para unir esfuerzos para conocer posiciones\u00bb, dijo Brolo.<\/p>\n\n\n\n<blockquote class=\"wp-block-quote is-layout-flow wp-block-quote-is-layout-flow\"><p>El diplom\u00e1tico guatemalteco exhort\u00f3 a la comunidad internacional a unir esfuerzos\u00a0\u00abpara que se den elecciones libres, cuanto antes en Venezuela\u00bb<strong>\u00a0<\/strong>y agreg\u00f3 que su pa\u00eds retir\u00f3 al \u00faltimo funcionario en la embajada de Caracas, luego de la ruptura de las relaciones diplom\u00e1ticas con el gobierno de Nicol\u00e1s Maduro.<\/p><\/blockquote>\n\n\n\n<p><strong>Uni\u00f3n Radio<\/strong><\/p>\n","protected":false},"excerpt":{"rendered":"<p>El\u00a0Grupo de Lima se reunir\u00e1 este jueves en Canad\u00e1,\u00a0junto a observadores que no integran el bloque para discutir y decidir nuevas acciones orientadas a promover una soluci\u00f3n a la crisis que vive Venezuela. En una reuni\u00f3n entre el canciller de Brasil,&nbsp;Ernesto Ara\u00fajo&nbsp;y de Guatemala,&nbsp;Pedro Brolo,&nbsp;dijeron que la reuni\u00f3n tambi\u00e9n servir\u00e1 para debatir las candidaturas a [&hellip;]<\/p>\n","protected":false},"author":2,"featured_media":161644,"comment_status":"closed","ping_status":"closed","sticky":false,"template":"","format":"standard","meta":{"footnotes":""},"categories":[5,8],"tags":[],"class_list":{"0":"post-161643","1":"post","2":"type-post","3":"status-publish","4":"format-standard","5":"has-post-thumbnail","7":"category-destacado","8":"category-internacionales"},"_links":{"self":[{"href":"https:\/\/elluchador.info\/index.php?rest_route=\/wp\/v2\/posts\/161643","targetHints":{"allow":["GET"]}}],"collection":[{"href":"https:\/\/elluchador.info\/index.php?rest_route=\/wp\/v2\/posts"}],"about":[{"href":"https:\/\/elluchador.info\/index.php?rest_route=\/wp\/v2\/types\/post"}],"author":[{"embeddable":true,"href":"https:\/\/elluchador.info\/index.php?rest_route=\/wp\/v2\/users\/2"}],"replies":[{"embeddable":true,"href":"https:\/\/elluchador.info\/index.php?rest_route=%2Fwp%2Fv2%2Fcomments&post=161643"}],"version-history":[{"count":2,"href":"https:\/\/elluchador.info\/index.php?rest_route=\/wp\/v2\/posts\/161643\/revisions"}],"predecessor-version":[{"id":161684,"href":"https:\/\/elluchador.info\/index.php?rest_route=\/wp\/v2\/posts\/161643\/revisions\/161684"}],"wp:featuredmedia":[{"embeddable":true,"href":"https:\/\/elluchador.info\/index.php?rest_route=\/wp\/v2\/media\/161644"}],"wp:attachment":[{"href":"https:\/\/elluchador.info\/index.php?rest_route=%2Fwp%2Fv2%2Fmedia&parent=161643"}],"wp:term":[{"taxonomy":"category","embeddable":true,"href":"https:\/\/elluchador.info\/index.php?rest_route=%2Fwp%2Fv2%2Fcategories&post=161643"},{"taxonomy":"post_tag","embeddable":true,"href":"https:\/\/elluchador.info\/index.php?rest_route=%2Fwp%2Fv2%2Ftags&post=161643"}],"curies":[{"name":"wp","href":"https:\/\/api.w.org\/{rel}","templated":true}]}}