{"id":161676,"date":"2020-02-20T12:08:10","date_gmt":"2020-02-20T16:08:10","guid":{"rendered":"https:\/\/elluchador.info\/web\/?p=161676"},"modified":"2020-02-20T11:58:04","modified_gmt":"2020-02-20T15:58:04","slug":"jefe-de-estado-decreto-este-viernes-21-de-febrero-como-no-laborable","status":"publish","type":"post","link":"https:\/\/elluchador.info\/?p=161676","title":{"rendered":"Jefe de Estado decret\u00f3 este viernes 21 de febrero como no laborable"},"content":{"rendered":"\n<p>El presidente de la Rep\u00fablica Bolivariana de Venezuela,\u00a0Nicol\u00e1s Maduro Moros\u00a0inform\u00f3 a trav\u00e9s de su cuenta en la red social digital Twitter @Nicol\u00e1sMaduro, decretar este viernes 21 de febrero como d\u00eda de asueto nacional para que el pueblo venezolano disfrute en familia y renovemos energ\u00edas para seguir la lucha por la felicidad de la Patria.\u00a0<\/p>\n\n\n\n<p>Al respecto refiri\u00f3, que este asueto llenar\u00e1 de alegr\u00eda y color a todo el pa\u00eds.\u00a0<\/p>\n\n\n\n<p><strong>vtv.com <\/strong><\/p>\n","protected":false},"excerpt":{"rendered":"<p>El presidente de la Rep\u00fablica Bolivariana de Venezuela,\u00a0Nicol\u00e1s Maduro Moros\u00a0inform\u00f3 a trav\u00e9s de su cuenta en la red social digital Twitter @Nicol\u00e1sMaduro, decretar este viernes 21 de febrero como d\u00eda de asueto nacional para que el pueblo venezolano disfrute en familia y renovemos energ\u00edas para seguir la lucha por la felicidad de la Patria.\u00a0 Al [&hellip;]<\/p>\n","protected":false},"author":2,"featured_media":161346,"comment_status":"closed","ping_status":"closed","sticky":false,"template":"","format":"standard","meta":{"footnotes":""},"categories":[5,9],"tags":[],"class_list":{"0":"post-161676","1":"post","2":"type-post","3":"status-publish","4":"format-standard","5":"has-post-thumbnail","7":"category-destacado","8":"category-nacionales"},"_links":{"self":[{"href":"https:\/\/elluchador.info\/index.php?rest_route=\/wp\/v2\/posts\/161676","targetHints":{"allow":["GET"]}}],"collection":[{"href":"https:\/\/elluchador.info\/index.php?rest_route=\/wp\/v2\/posts"}],"about":[{"href":"https:\/\/elluchador.info\/index.php?rest_route=\/wp\/v2\/types\/post"}],"author":[{"embeddable":true,"href":"https:\/\/elluchador.info\/index.php?rest_route=\/wp\/v2\/users\/2"}],"replies":[{"embeddable":true,"href":"https:\/\/elluchador.info\/index.php?rest_route=%2Fwp%2Fv2%2Fcomments&post=161676"}],"version-history":[{"count":1,"href":"https:\/\/elluchador.info\/index.php?rest_route=\/wp\/v2\/posts\/161676\/revisions"}],"predecessor-version":[{"id":161678,"href":"https:\/\/elluchador.info\/index.php?rest_route=\/wp\/v2\/posts\/161676\/revisions\/161678"}],"wp:featuredmedia":[{"embeddable":true,"href":"https:\/\/elluchador.info\/index.php?rest_route=\/wp\/v2\/media\/161346"}],"wp:attachment":[{"href":"https:\/\/elluchador.info\/index.php?rest_route=%2Fwp%2Fv2%2Fmedia&parent=161676"}],"wp:term":[{"taxonomy":"category","embeddable":true,"href":"https:\/\/elluchador.info\/index.php?rest_route=%2Fwp%2Fv2%2Fcategories&post=161676"},{"taxonomy":"post_tag","embeddable":true,"href":"https:\/\/elluchador.info\/index.php?rest_route=%2Fwp%2Fv2%2Ftags&post=161676"}],"curies":[{"name":"wp","href":"https:\/\/api.w.org\/{rel}","templated":true}]}}