{"id":161679,"date":"2020-02-20T12:29:53","date_gmt":"2020-02-20T16:29:53","guid":{"rendered":"https:\/\/elluchador.info\/web\/?p=161679"},"modified":"2020-02-20T12:19:05","modified_gmt":"2020-02-20T16:19:05","slug":"guaido-anuncio-el-regreso-de-venezuela-a-la-comunidad-andina-de-naciones","status":"publish","type":"post","link":"https:\/\/elluchador.info\/?p=161679","title":{"rendered":"Guaid\u00f3 anunci\u00f3 el regreso de Venezuela a la Comunidad Andina de Naciones"},"content":{"rendered":"\n<p> El presidente de la Asamblea Nacional y l\u00edder de la oposici\u00f3n, Juan Guaid\u00f3, anunci\u00f3 el regreso del pa\u00eds a la Comunidad Andina de Naciones (CAN). La naci\u00f3n se retir\u00f3 en 2006 de este organismo por decisi\u00f3n del entonces jefe de Estado, Hugo Ch\u00e1vez. <\/p>\n\n\n\n<p>\u201cVenezuela vuelve a la CAN, de donde nunca debi\u00f3 salir. Convers\u00e9 con el presidente de Colombia, Iv\u00e1n Duque, y representantes de la Canciller\u00eda de Ecuador, Per\u00fa, Colombia y Bolivia sobre la importancia de formar parte del Sistema Andino de Integraci\u00f3n\u201d, indic\u00f3 Guaid\u00f3 en su cuenta de Twitter.<\/p>\n\n\n\n<p>El tambi\u00e9n jefe del Parlamento adelant\u00f3 que, como gobierno leg\u00edtimo, trabajar\u00e1 para que el pa\u00eds se sume en lo inmediato a las medidas de migraci\u00f3n y movilidad.<\/p>\n\n\n\n<p>\u201cY hacer m\u00e1s efectivo el proceso de integraci\u00f3n con una agenda en las \u00e1reas de comercio, inversiones, servicios, interconexi\u00f3n e identidad andina\u201d, agreg\u00f3.<\/p>\n\n\n\n<p>El anuncio se da horas despu\u00e9s de que Duque manifestara su deseo de que Venezuela libre y democr\u00e1tica se reintegre a la CAN.<\/p>\n\n\n\n<p>El mandatario de Colombia record\u00f3 que en las \u00faltimas semanas los cancilleres de la CAN se reunieron con Guaid\u00f3 para decirle que es necesario pasar esa p\u00e1gina donde Hugo Ch\u00e1vez retir\u00f3 rotundamente a Venezuela de dicho bloque.<\/p>\n\n\n\n<p>\u201cEl presidente Guaid\u00f3 nos dijo que \u00e9l quiere el regreso de Venezuela a la CAN y vamos a apoyar el regreso de Venezuela, libre y democr\u00e1tica, a la CAN\u201d, dijo Duque.<\/p>\n\n\n\n<p>El Pacto Andino, tambi\u00e9n conocido como Acuerdo de Cartagena, fue suscrito en 1969 por Bolivia, Colombia, Chile, Ecuador y Per\u00fa, mientras que Venezuela se incorpor\u00f3 en 1973.<\/p>\n\n\n\n<p>Chile lo abandon\u00f3 en 1976, durante la dictadura de Augusto Pinochet, mientras que Venezuela anunci\u00f3 su retirada en 2006, despu\u00e9s de que Ch\u00e1vez asegur\u00f3 que la CAN estaba \u201cherida de muerte\u201d por las negociaciones de acuerdos de libre comercio que emprendieron Colombia y Per\u00fa con Estados Unidos.<\/p>\n\n\n\n<p>En marzo de 1996, durante una cumbre celebrada en la ciudad peruana de Trujillo, se decidi\u00f3 que el Pacto Andino pasara a llamarse Comunidad Andina de Naciones (CAN), una medida que entr\u00f3 en vigor en 1997.<\/p>\n\n\n\n<p><strong>Panorama.com<\/strong><\/p>\n","protected":false},"excerpt":{"rendered":"<p>El presidente de la Asamblea Nacional y l\u00edder de la oposici\u00f3n, Juan Guaid\u00f3, anunci\u00f3 el regreso del pa\u00eds a la Comunidad Andina de Naciones (CAN). La naci\u00f3n se retir\u00f3 en 2006 de este organismo por decisi\u00f3n del entonces jefe de Estado, Hugo Ch\u00e1vez. \u201cVenezuela vuelve a la CAN, de donde nunca debi\u00f3 salir. Convers\u00e9 con [&hellip;]<\/p>\n","protected":false},"author":2,"featured_media":161680,"comment_status":"closed","ping_status":"closed","sticky":false,"template":"","format":"standard","meta":{"footnotes":""},"categories":[5,9],"tags":[],"class_list":{"0":"post-161679","1":"post","2":"type-post","3":"status-publish","4":"format-standard","5":"has-post-thumbnail","7":"category-destacado","8":"category-nacionales"},"_links":{"self":[{"href":"https:\/\/elluchador.info\/index.php?rest_route=\/wp\/v2\/posts\/161679","targetHints":{"allow":["GET"]}}],"collection":[{"href":"https:\/\/elluchador.info\/index.php?rest_route=\/wp\/v2\/posts"}],"about":[{"href":"https:\/\/elluchador.info\/index.php?rest_route=\/wp\/v2\/types\/post"}],"author":[{"embeddable":true,"href":"https:\/\/elluchador.info\/index.php?rest_route=\/wp\/v2\/users\/2"}],"replies":[{"embeddable":true,"href":"https:\/\/elluchador.info\/index.php?rest_route=%2Fwp%2Fv2%2Fcomments&post=161679"}],"version-history":[{"count":1,"href":"https:\/\/elluchador.info\/index.php?rest_route=\/wp\/v2\/posts\/161679\/revisions"}],"predecessor-version":[{"id":161681,"href":"https:\/\/elluchador.info\/index.php?rest_route=\/wp\/v2\/posts\/161679\/revisions\/161681"}],"wp:featuredmedia":[{"embeddable":true,"href":"https:\/\/elluchador.info\/index.php?rest_route=\/wp\/v2\/media\/161680"}],"wp:attachment":[{"href":"https:\/\/elluchador.info\/index.php?rest_route=%2Fwp%2Fv2%2Fmedia&parent=161679"}],"wp:term":[{"taxonomy":"category","embeddable":true,"href":"https:\/\/elluchador.info\/index.php?rest_route=%2Fwp%2Fv2%2Fcategories&post=161679"},{"taxonomy":"post_tag","embeddable":true,"href":"https:\/\/elluchador.info\/index.php?rest_route=%2Fwp%2Fv2%2Ftags&post=161679"}],"curies":[{"name":"wp","href":"https:\/\/api.w.org\/{rel}","templated":true}]}}