{"id":161737,"date":"2020-02-21T09:53:36","date_gmt":"2020-02-21T13:53:36","guid":{"rendered":"https:\/\/elluchador.info\/web\/?p=161737"},"modified":"2020-02-21T09:43:04","modified_gmt":"2020-02-21T13:43:04","slug":"mujica-aplaude-reactivacion-de-la-comision-para-elegir-al-nuevo-cne","status":"publish","type":"post","link":"https:\/\/elluchador.info\/?p=161737","title":{"rendered":"Mujica aplaude reactivaci\u00f3n de la comisi\u00f3n para elegir al nuevo CNE"},"content":{"rendered":"\n<p>El secretario general del partido Movimiento al Socialismo (MAS),&nbsp;<strong>Felipe Mujica<\/strong>, valor\u00f3 como&nbsp;<strong>positiva la reactivaci\u00f3n<\/strong>&nbsp;de la&nbsp;<strong>comisi\u00f3n preliminar electoral<\/strong>&nbsp;para&nbsp;<strong>designar las nuevas autoridades<\/strong>&nbsp;del&nbsp;<strong>Consejo Nacional Electoral<\/strong>.<\/p>\n\n\n\n<blockquote class=\"wp-block-quote is-layout-flow wp-block-quote-is-layout-flow\"><p>Esto es una sorpresa que, por supuesto, si uno la eval\u00faa, lo que uno quisiera, es que efectivamente esa instancia de la Asamblea operara.<\/p><\/blockquote>\n\n\n\n<p>En conversaci\u00f3n con&nbsp;<strong><em>Vladimir Villegas<\/em><\/strong>&nbsp;para el programa&nbsp;<strong><em>La Entrevista<\/em><\/strong>&nbsp;de&nbsp;<strong><em>Uni\u00f3n Radio<\/em><\/strong>, reiter\u00f3 su llamado a que las negociaciones permitan&nbsp;<strong>obtener una salida pol\u00edtica a la dif\u00edcil situaci\u00f3n que enfrenta el pa\u00eds.<\/strong><\/p>\n\n\n\n<p><strong>Uni\u00f3n Radio <\/strong><\/p>\n","protected":false},"excerpt":{"rendered":"<p>El secretario general del partido Movimiento al Socialismo (MAS),&nbsp;Felipe Mujica, valor\u00f3 como&nbsp;positiva la reactivaci\u00f3n&nbsp;de la&nbsp;comisi\u00f3n preliminar electoral&nbsp;para&nbsp;designar las nuevas autoridades&nbsp;del&nbsp;Consejo Nacional Electoral. Esto es una sorpresa que, por supuesto, si uno la eval\u00faa, lo que uno quisiera, es que efectivamente esa instancia de la Asamblea operara. En conversaci\u00f3n con&nbsp;Vladimir Villegas&nbsp;para el programa&nbsp;La Entrevista&nbsp;de&nbsp;Uni\u00f3n Radio, reiter\u00f3 [&hellip;]<\/p>\n","protected":false},"author":2,"featured_media":161738,"comment_status":"closed","ping_status":"closed","sticky":false,"template":"","format":"standard","meta":{"footnotes":""},"categories":[5,9],"tags":[],"class_list":{"0":"post-161737","1":"post","2":"type-post","3":"status-publish","4":"format-standard","5":"has-post-thumbnail","7":"category-destacado","8":"category-nacionales"},"_links":{"self":[{"href":"https:\/\/elluchador.info\/index.php?rest_route=\/wp\/v2\/posts\/161737","targetHints":{"allow":["GET"]}}],"collection":[{"href":"https:\/\/elluchador.info\/index.php?rest_route=\/wp\/v2\/posts"}],"about":[{"href":"https:\/\/elluchador.info\/index.php?rest_route=\/wp\/v2\/types\/post"}],"author":[{"embeddable":true,"href":"https:\/\/elluchador.info\/index.php?rest_route=\/wp\/v2\/users\/2"}],"replies":[{"embeddable":true,"href":"https:\/\/elluchador.info\/index.php?rest_route=%2Fwp%2Fv2%2Fcomments&post=161737"}],"version-history":[{"count":1,"href":"https:\/\/elluchador.info\/index.php?rest_route=\/wp\/v2\/posts\/161737\/revisions"}],"predecessor-version":[{"id":161739,"href":"https:\/\/elluchador.info\/index.php?rest_route=\/wp\/v2\/posts\/161737\/revisions\/161739"}],"wp:featuredmedia":[{"embeddable":true,"href":"https:\/\/elluchador.info\/index.php?rest_route=\/wp\/v2\/media\/161738"}],"wp:attachment":[{"href":"https:\/\/elluchador.info\/index.php?rest_route=%2Fwp%2Fv2%2Fmedia&parent=161737"}],"wp:term":[{"taxonomy":"category","embeddable":true,"href":"https:\/\/elluchador.info\/index.php?rest_route=%2Fwp%2Fv2%2Fcategories&post=161737"},{"taxonomy":"post_tag","embeddable":true,"href":"https:\/\/elluchador.info\/index.php?rest_route=%2Fwp%2Fv2%2Ftags&post=161737"}],"curies":[{"name":"wp","href":"https:\/\/api.w.org\/{rel}","templated":true}]}}