{"id":161768,"date":"2020-02-21T12:42:04","date_gmt":"2020-02-21T16:42:04","guid":{"rendered":"https:\/\/elluchador.info\/web\/?p=161768"},"modified":"2020-02-21T12:32:42","modified_gmt":"2020-02-21T16:32:42","slug":"guaido-pide-a-gremios-presentar-reclamos-ante-an-el-proximo-10-m","status":"publish","type":"post","link":"https:\/\/elluchador.info\/?p=161768","title":{"rendered":"Guaid\u00f3 pide a gremios presentar reclamos ante AN el pr\u00f3ximo 10-M"},"content":{"rendered":"\n<p>El diputado a la Asamblea Nacional (AN), Juan Guaid\u00f3, pidi\u00f3 los gremios, sindicatos y sociedad civil que presenten ante el Parlamento el pr\u00f3ximo 10 de marzo un \u00abPliego Nacional de Conflicto\u00bb que agrupar\u00e1 los reclamos de los distintos sectores.<\/p>\n\n\n\n<blockquote class=\"wp-block-quote is-layout-flow wp-block-quote-is-layout-flow\"><p>\u201cVamos juntos a la AN, la casa de las leyes, de la civilidad, caminando, marchando con fuerza, nos levantamos en cada rinc\u00f3n y en cada esquina del pa\u00eds, vamos a las calles a exigir, vamos a levantar hasta lograr la democracia porque Venezuela no se acostumbra\u201d, dijo.<\/p><\/blockquote>\n\n\n\n<p>La convocatoria la realiz\u00f3 este vienes en una actividad que realiz\u00f3 junto a representantes de la sociedad civil.<\/p>\n\n\n\n<p><strong> Uni\u00f3n Radio<\/strong><\/p>\n","protected":false},"excerpt":{"rendered":"<p>El diputado a la Asamblea Nacional (AN), Juan Guaid\u00f3, pidi\u00f3 los gremios, sindicatos y sociedad civil que presenten ante el Parlamento el pr\u00f3ximo 10 de marzo un \u00abPliego Nacional de Conflicto\u00bb que agrupar\u00e1 los reclamos de los distintos sectores. \u201cVamos juntos a la AN, la casa de las leyes, de la civilidad, caminando, marchando con [&hellip;]<\/p>\n","protected":false},"author":2,"featured_media":161769,"comment_status":"closed","ping_status":"closed","sticky":false,"template":"","format":"standard","meta":{"footnotes":""},"categories":[5,9],"tags":[],"class_list":{"0":"post-161768","1":"post","2":"type-post","3":"status-publish","4":"format-standard","5":"has-post-thumbnail","7":"category-destacado","8":"category-nacionales"},"_links":{"self":[{"href":"https:\/\/elluchador.info\/index.php?rest_route=\/wp\/v2\/posts\/161768","targetHints":{"allow":["GET"]}}],"collection":[{"href":"https:\/\/elluchador.info\/index.php?rest_route=\/wp\/v2\/posts"}],"about":[{"href":"https:\/\/elluchador.info\/index.php?rest_route=\/wp\/v2\/types\/post"}],"author":[{"embeddable":true,"href":"https:\/\/elluchador.info\/index.php?rest_route=\/wp\/v2\/users\/2"}],"replies":[{"embeddable":true,"href":"https:\/\/elluchador.info\/index.php?rest_route=%2Fwp%2Fv2%2Fcomments&post=161768"}],"version-history":[{"count":1,"href":"https:\/\/elluchador.info\/index.php?rest_route=\/wp\/v2\/posts\/161768\/revisions"}],"predecessor-version":[{"id":161770,"href":"https:\/\/elluchador.info\/index.php?rest_route=\/wp\/v2\/posts\/161768\/revisions\/161770"}],"wp:featuredmedia":[{"embeddable":true,"href":"https:\/\/elluchador.info\/index.php?rest_route=\/wp\/v2\/media\/161769"}],"wp:attachment":[{"href":"https:\/\/elluchador.info\/index.php?rest_route=%2Fwp%2Fv2%2Fmedia&parent=161768"}],"wp:term":[{"taxonomy":"category","embeddable":true,"href":"https:\/\/elluchador.info\/index.php?rest_route=%2Fwp%2Fv2%2Fcategories&post=161768"},{"taxonomy":"post_tag","embeddable":true,"href":"https:\/\/elluchador.info\/index.php?rest_route=%2Fwp%2Fv2%2Ftags&post=161768"}],"curies":[{"name":"wp","href":"https:\/\/api.w.org\/{rel}","templated":true}]}}