{"id":161771,"date":"2020-02-21T12:50:19","date_gmt":"2020-02-21T16:50:19","guid":{"rendered":"https:\/\/elluchador.info\/web\/?p=161771"},"modified":"2020-02-21T12:40:10","modified_gmt":"2020-02-21T16:40:10","slug":"guaido-sostiene-encuentro-con-gremios-sociales-y-sindicales","status":"publish","type":"post","link":"https:\/\/elluchador.info\/?p=161771","title":{"rendered":"Guaid\u00f3 sostiene encuentro con gremios sociales y sindicales"},"content":{"rendered":"\n<p>El diputado a la Asamblea Nacional (AN), Juan Guaid\u00f3, se reuni\u00f3 este viernes con integrantes de diversos gremios de la sociedad civil en Las Mercedes.<\/p>\n\n\n\n<p>El parlamentario pidi\u00f3 a los venezolanos estar atentos al pronunciamiento que dar\u00e1 hoy junto a otros miembros de la AN.<\/p>\n\n\n\n<p>La actividad cuenta con la participaci\u00f3n de representantes del sector educativo, enfermer\u00eda, movimiento estudiantil, gremios empresariales y representantes de partidos pol\u00edticos.<\/p>\n\n\n\n<p><strong>Uni\u00f3n Radio<\/strong><\/p>\n","protected":false},"excerpt":{"rendered":"<p>El diputado a la Asamblea Nacional (AN), Juan Guaid\u00f3, se reuni\u00f3 este viernes con integrantes de diversos gremios de la sociedad civil en Las Mercedes. El parlamentario pidi\u00f3 a los venezolanos estar atentos al pronunciamiento que dar\u00e1 hoy junto a otros miembros de la AN. La actividad cuenta con la participaci\u00f3n de representantes del sector [&hellip;]<\/p>\n","protected":false},"author":2,"featured_media":161772,"comment_status":"closed","ping_status":"closed","sticky":false,"template":"","format":"standard","meta":{"footnotes":""},"categories":[9],"tags":[],"class_list":{"0":"post-161771","1":"post","2":"type-post","3":"status-publish","4":"format-standard","5":"has-post-thumbnail","7":"category-nacionales"},"_links":{"self":[{"href":"https:\/\/elluchador.info\/index.php?rest_route=\/wp\/v2\/posts\/161771","targetHints":{"allow":["GET"]}}],"collection":[{"href":"https:\/\/elluchador.info\/index.php?rest_route=\/wp\/v2\/posts"}],"about":[{"href":"https:\/\/elluchador.info\/index.php?rest_route=\/wp\/v2\/types\/post"}],"author":[{"embeddable":true,"href":"https:\/\/elluchador.info\/index.php?rest_route=\/wp\/v2\/users\/2"}],"replies":[{"embeddable":true,"href":"https:\/\/elluchador.info\/index.php?rest_route=%2Fwp%2Fv2%2Fcomments&post=161771"}],"version-history":[{"count":1,"href":"https:\/\/elluchador.info\/index.php?rest_route=\/wp\/v2\/posts\/161771\/revisions"}],"predecessor-version":[{"id":161773,"href":"https:\/\/elluchador.info\/index.php?rest_route=\/wp\/v2\/posts\/161771\/revisions\/161773"}],"wp:featuredmedia":[{"embeddable":true,"href":"https:\/\/elluchador.info\/index.php?rest_route=\/wp\/v2\/media\/161772"}],"wp:attachment":[{"href":"https:\/\/elluchador.info\/index.php?rest_route=%2Fwp%2Fv2%2Fmedia&parent=161771"}],"wp:term":[{"taxonomy":"category","embeddable":true,"href":"https:\/\/elluchador.info\/index.php?rest_route=%2Fwp%2Fv2%2Fcategories&post=161771"},{"taxonomy":"post_tag","embeddable":true,"href":"https:\/\/elluchador.info\/index.php?rest_route=%2Fwp%2Fv2%2Ftags&post=161771"}],"curies":[{"name":"wp","href":"https:\/\/api.w.org\/{rel}","templated":true}]}}