{"id":161991,"date":"2020-02-23T16:33:01","date_gmt":"2020-02-23T20:33:01","guid":{"rendered":"https:\/\/elluchador.info\/web\/?p=161991"},"modified":"2020-02-23T12:58:09","modified_gmt":"2020-02-23T16:58:09","slug":"cancelan-carnaval-de-venecia-y-cierran-escuelas-por-coronavirus","status":"publish","type":"post","link":"https:\/\/elluchador.info\/?p=161991","title":{"rendered":"Cancelan carnaval de Venecia y cierran escuelas por coronavirus"},"content":{"rendered":"\n<p>Los temores por la propagaci\u00f3n del coronavirus en Italia, donde ya se registran 132 casos y dos fallecidos, han hecho que se cancele el carnaval de Venecia y se cierren las escuelas durante la semana pr\u00f3xima en Lombard\u00eda, V\u00e9neto y Piamonte.<\/p>\n\n\n\n<p>Floryday WW<br>\nEl presidente de la regi\u00f3n de V\u00e9neto, Luca Zaia, inform\u00f3 de que de acuerdo con el ministro de Sanidad, Roberto Speranza, \u00abse han cancelado todos los eventos p\u00fablicos y privados y se ha dispuesto el cierre de escuelas y museos hasta el 1 de marzo, incluido el carnaval de Venecia\u00bb.<\/p>\n\n\n\n<p>El carnaval de Venecia, uno de los eventos m\u00e1s importantes de la ciudad de los canales, hab\u00eda comenzado hace una semana y ten\u00eda previsto concluir el pr\u00f3ximo martes.<\/p>\n\n\n\n<p>La decisi\u00f3n de cancelar los eventos p\u00fablicos y privados y todas las actividades escolares ya se hab\u00eda tomado en la regi\u00f3n de Lombard\u00eda, la m\u00e1s afectada con 89 casos.<\/p>\n\n\n\n<p>El n\u00famero de contagiados por el coronavirus hasta el momento en cuatro regiones del norte de Italia asciende a 132, despu\u00e9s de haber realizado cerca de 3.000 an\u00e1lisis a sospechosos de tener la enfermedad, inform\u00f3 este domingo el jefe de la Protecci\u00f3n Civil italiana, Angelo Borrelli. Agencias<\/p>\n","protected":false},"excerpt":{"rendered":"<p>Los temores por la propagaci\u00f3n del coronavirus en Italia, donde ya se registran 132 casos y dos fallecidos, han hecho que se cancele el carnaval de Venecia y se cierren las escuelas durante la semana pr\u00f3xima en Lombard\u00eda, V\u00e9neto y Piamonte. Floryday WW El presidente de la regi\u00f3n de V\u00e9neto, Luca Zaia, inform\u00f3 de que [&hellip;]<\/p>\n","protected":false},"author":2,"featured_media":161992,"comment_status":"closed","ping_status":"closed","sticky":false,"template":"","format":"standard","meta":{"footnotes":""},"categories":[5,8],"tags":[],"class_list":{"0":"post-161991","1":"post","2":"type-post","3":"status-publish","4":"format-standard","5":"has-post-thumbnail","7":"category-destacado","8":"category-internacionales"},"_links":{"self":[{"href":"https:\/\/elluchador.info\/index.php?rest_route=\/wp\/v2\/posts\/161991","targetHints":{"allow":["GET"]}}],"collection":[{"href":"https:\/\/elluchador.info\/index.php?rest_route=\/wp\/v2\/posts"}],"about":[{"href":"https:\/\/elluchador.info\/index.php?rest_route=\/wp\/v2\/types\/post"}],"author":[{"embeddable":true,"href":"https:\/\/elluchador.info\/index.php?rest_route=\/wp\/v2\/users\/2"}],"replies":[{"embeddable":true,"href":"https:\/\/elluchador.info\/index.php?rest_route=%2Fwp%2Fv2%2Fcomments&post=161991"}],"version-history":[{"count":1,"href":"https:\/\/elluchador.info\/index.php?rest_route=\/wp\/v2\/posts\/161991\/revisions"}],"predecessor-version":[{"id":161993,"href":"https:\/\/elluchador.info\/index.php?rest_route=\/wp\/v2\/posts\/161991\/revisions\/161993"}],"wp:featuredmedia":[{"embeddable":true,"href":"https:\/\/elluchador.info\/index.php?rest_route=\/wp\/v2\/media\/161992"}],"wp:attachment":[{"href":"https:\/\/elluchador.info\/index.php?rest_route=%2Fwp%2Fv2%2Fmedia&parent=161991"}],"wp:term":[{"taxonomy":"category","embeddable":true,"href":"https:\/\/elluchador.info\/index.php?rest_route=%2Fwp%2Fv2%2Fcategories&post=161991"},{"taxonomy":"post_tag","embeddable":true,"href":"https:\/\/elluchador.info\/index.php?rest_route=%2Fwp%2Fv2%2Ftags&post=161991"}],"curies":[{"name":"wp","href":"https:\/\/api.w.org\/{rel}","templated":true}]}}