{"id":162053,"date":"2020-02-24T09:58:09","date_gmt":"2020-02-24T13:58:09","guid":{"rendered":"https:\/\/elluchador.info\/web\/?p=162053"},"modified":"2020-02-24T09:47:42","modified_gmt":"2020-02-24T13:47:42","slug":"pueblo-de-bolivar-conmemoro-el-dia-de-la-victoria-popular-contra-el-imperialismo-en-santa-elena-de-uairen","status":"publish","type":"post","link":"https:\/\/elluchador.info\/?p=162053","title":{"rendered":"Pueblo de Bol\u00edvar conmemor\u00f3 el D\u00eda de la Victoria Popular contra el imperialismo en Santa Elena de Uair\u00e9n"},"content":{"rendered":"\n<p>En uni\u00f3n c\u00edvica militar, el pueblo revolucionario de Bol\u00edvar conmemor\u00f3 un a\u00f1o de la batalla por la defensa de la soberan\u00eda de la Patria, ante el intento fallido de la derecha de invadir las fronteras nacionales, y donde el pueblo junto al Ej\u00e9rcito Bolivariano demostraron su compromiso y convicci\u00f3n patriota para mantener la estabilidad en el territorio venezolano, enalteciendo as\u00ed el legado de Bol\u00edvar y Ch\u00e1vez.<\/p>\n\n\n\n<p>Desde las adyacencias del Aeropuerto de Santa Elena de Uairen, en el municipio Gran Sabana, el gobernador de Bol\u00edvar y vicepresidente territorial del&nbsp; Partido Socialista Unido de Venezuela (PSUV) en la entidad guyanesa, Justo Noguera Pietri, acompa\u00f1ado por el&nbsp;ministro del Poder Popular para la Educaci\u00f3n y&nbsp; vicepresidente Sectorial para el Socialismo Social y Territorial de Venezuela, Arist\u00f3bulo Ist\u00fariz, dirigencia y militancia psuvista, cuerpos de seguridad del Estado, capitanes y comunidades ind\u00edgenas, poder popular organizado en las Ubch, Claps y consejos comunales, ratificaron el compromiso con la Patria en un acto donde el tricolor ondeo con el sentir revolucionario y orgullo del pueblo.<\/p>\n\n\n\n<p>Durante su intervenci\u00f3n, Noguera Pietri agradeci\u00f3 a Dios por haber nacido en Venezuela, enfatizando a su vez, la lucha emprendida por el Comandante Supremo Hugo Ch\u00e1vez para visibilizar y dignificar a los pueblos originarios, al pobre, al trabajador, a la ama de casa, al joven, al estudiante.<\/p>\n\n\n\n<p>\u201cBien lo dijo Bol\u00edvar, nos dominaron m\u00e1s por nuestra ignorancia que por la fuerza, hasta que lleg\u00f3 Ch\u00e1vez y dijo basta de tanta miseria, de tanta violaci\u00f3n al pueblo, emprendi\u00f3 la batalla para fortalecer el precepto bolivariano de la gran Patria ayudando a los pa\u00edses hermanos de Latinoam\u00e9rica en un despertar revolucionario\u201d, expres\u00f3 Justo Noguera Pietri.<\/p>\n\n\n\n<p><strong>D\u00eda de Victoria Popular del Pueblo de Santa Elena de Uair\u00e9n<\/strong><\/p>\n\n\n\n<p>En ese sentido, el Gobernador de Bol\u00edvar destac\u00f3 que con la fuerza de los ind\u00edgenas, los trabajadores, la juventud, del poder popular y del PSUV, se consolidar\u00e1 el Plan de la Patria avanzando por el camino de Ch\u00e1vez, porque \u201cel pueblo de Venezuela se respeta y as\u00ed lo dejamos bien claro, en presencia del\u00a0ministro Arist\u00f3bulo Ist\u00fariz,\u00a0la gobernadora de Monagas Yelitze Santaella y la ministra de los Pueblos Ind\u00edgenas Aloha N\u00fa\u00f1ez, entre todos hicimos contenci\u00f3n d\u00e1ndole a la derecha un rotundo NO PASAR\u00c1N, en ese intento fallido que pretend\u00eda afectar nuestra soberan\u00eda\u201d.<\/p>\n\n\n\n<figure class=\"wp-block-image\"><img loading=\"lazy\" decoding=\"async\" width=\"1024\" height=\"768\" src=\"https:\/\/elluchador.info\/web\/wp-content\/uploads\/2020\/02\/santa-elena-de-uairen-Copy-1024x768.jpg\" alt=\"\" class=\"wp-image-162054\" srcset=\"https:\/\/elluchador.info\/wp-content\/uploads\/2020\/02\/santa-elena-de-uairen-Copy-1024x768.jpg 1024w, https:\/\/elluchador.info\/wp-content\/uploads\/2020\/02\/santa-elena-de-uairen-Copy-300x225.jpg 300w, https:\/\/elluchador.info\/wp-content\/uploads\/2020\/02\/santa-elena-de-uairen-Copy-768x576.jpg 768w, https:\/\/elluchador.info\/wp-content\/uploads\/2020\/02\/santa-elena-de-uairen-Copy.jpg 1080w\" sizes=\"auto, (max-width: 1024px) 100vw, 1024px\" \/><\/figure>\n\n\n\n<p>Finalmente, el tambi\u00e9n vicepresidente territorial del PSUV en Bol\u00edvar, Justo Noguera Pietri afirm\u00f3 que pese al saboteo por parte de los factores de la derecha fascita, \u201cahora es que hay Maduro y Ch\u00e1vez para rato\u201d, reiterando que los revolucionarios contin\u00faan rodilla en tierra, atentos y dispuestos a defender a la Patria junto a la Fuerza Armada Nacional Bolivariana y el poder popular organizado.<\/p>\n\n\n\n<p><strong>Plan descubierto&nbsp;&nbsp;<\/strong><\/p>\n\n\n\n<p>Por su parte, el ministro Arist\u00f3bulo Ist\u00fariz calific\u00f3 el 23 de febrero como un d\u00eda hist\u00f3rico, ante los sucesos del a\u00f1o pasado cuando la oligarqu\u00eda internacional intent\u00f3 invadir las fronteras disfrazando sus intenciones tras una presunta ayuda humanitaria, \u201cera una trampa para tratar de justificar una invasi\u00f3n armada a nuestro pa\u00eds\u201d.\u00a0<\/p>\n\n\n\n<p><strong>Prensa Gobernaci\u00f3n<\/strong><\/p>\n","protected":false},"excerpt":{"rendered":"<p>En uni\u00f3n c\u00edvica militar, el pueblo revolucionario de Bol\u00edvar conmemor\u00f3 un a\u00f1o de la batalla por la defensa de la soberan\u00eda de la Patria, ante el intento fallido de la derecha de invadir las fronteras nacionales, y donde el pueblo junto al Ej\u00e9rcito Bolivariano demostraron su compromiso y convicci\u00f3n patriota para mantener la estabilidad en [&hellip;]<\/p>\n","protected":false},"author":2,"featured_media":162055,"comment_status":"closed","ping_status":"closed","sticky":false,"template":"","format":"standard","meta":{"footnotes":""},"categories":[5,12],"tags":[],"class_list":{"0":"post-162053","1":"post","2":"type-post","3":"status-publish","4":"format-standard","5":"has-post-thumbnail","7":"category-destacado","8":"category-regionales"},"_links":{"self":[{"href":"https:\/\/elluchador.info\/index.php?rest_route=\/wp\/v2\/posts\/162053","targetHints":{"allow":["GET"]}}],"collection":[{"href":"https:\/\/elluchador.info\/index.php?rest_route=\/wp\/v2\/posts"}],"about":[{"href":"https:\/\/elluchador.info\/index.php?rest_route=\/wp\/v2\/types\/post"}],"author":[{"embeddable":true,"href":"https:\/\/elluchador.info\/index.php?rest_route=\/wp\/v2\/users\/2"}],"replies":[{"embeddable":true,"href":"https:\/\/elluchador.info\/index.php?rest_route=%2Fwp%2Fv2%2Fcomments&post=162053"}],"version-history":[{"count":1,"href":"https:\/\/elluchador.info\/index.php?rest_route=\/wp\/v2\/posts\/162053\/revisions"}],"predecessor-version":[{"id":162056,"href":"https:\/\/elluchador.info\/index.php?rest_route=\/wp\/v2\/posts\/162053\/revisions\/162056"}],"wp:featuredmedia":[{"embeddable":true,"href":"https:\/\/elluchador.info\/index.php?rest_route=\/wp\/v2\/media\/162055"}],"wp:attachment":[{"href":"https:\/\/elluchador.info\/index.php?rest_route=%2Fwp%2Fv2%2Fmedia&parent=162053"}],"wp:term":[{"taxonomy":"category","embeddable":true,"href":"https:\/\/elluchador.info\/index.php?rest_route=%2Fwp%2Fv2%2Fcategories&post=162053"},{"taxonomy":"post_tag","embeddable":true,"href":"https:\/\/elluchador.info\/index.php?rest_route=%2Fwp%2Fv2%2Ftags&post=162053"}],"curies":[{"name":"wp","href":"https:\/\/api.w.org\/{rel}","templated":true}]}}