{"id":162131,"date":"2020-02-25T13:25:01","date_gmt":"2020-02-25T17:25:01","guid":{"rendered":"https:\/\/elluchador.info\/web\/?p=162131"},"modified":"2020-02-25T13:15:38","modified_gmt":"2020-02-25T17:15:38","slug":"venezuela-insta-a-la-onu-a-condenar-medidas-coercitivas-de-ee-uu","status":"publish","type":"post","link":"https:\/\/elluchador.info\/?p=162131","title":{"rendered":"Venezuela insta a la ONU a condenar medidas coercitivas de EE.UU."},"content":{"rendered":"\n<p>El<strong>&nbsp;ministro del Poder Popular para Relaciones Exteriores,&nbsp;Jorge Arreaza<\/strong>, llam\u00f3 este martes al organismo a condenar las medidas coercitivas y unilaterales impuestas por&nbsp;<strong>Estados Unidos<\/strong>&nbsp;(EE.UU.)&nbsp;contra el&nbsp;<strong>pueblo venezolano<\/strong>.<\/p>\n\n\n\n<p>Durante la&nbsp;43<strong>&nbsp;Sesi\u00f3n Ordinaria del Consejo de Derechos Humanos&nbsp;de Naciones Unidas<\/strong>, la cual se celebr\u00f3 en<strong>&nbsp;Ginebra, Suiza<\/strong>, el Canciller resalt\u00f3 que la acci\u00f3n de Venezuela en el consejo est\u00e1 orientada a promover el respeto de los&nbsp;<strong>DD.HH.<\/strong>&nbsp;y las libertades fundamentales de todos los seres humanos.<\/p>\n\n\n\n<p>Arreaza manifest\u00f3 que apoyar\u00e1n firmemente las iniciativas para luchar contra la discriminaci\u00f3n racial, la xenofobia y dem\u00e1s formas de intolerancia conexas y seguiremos defendiendo los principios de universalidad, imparcialidad, objetividad, basados en el di\u00e1logo internacional productivo y la cooperaci\u00f3n para impulsar la promoci\u00f3n y protecci\u00f3n de todos sus derechos incluyendo el derecho al desarrollo.<\/p>\n\n\n\n<p>Enfatiz\u00f3 que Venezuela condena la violaci\u00f3n de los&nbsp;<strong>Derechos Humanos&nbsp;<\/strong>y considera que los gobiernos que impongan, apoyen o faciliten la implementaci\u00f3n de medidas coercitivas y unilaterales no deben ser parte del&nbsp;<strong>Consejo de Derechos Humanos&nbsp;de Naciones Unidas.<\/strong><\/p>\n\n\n\n<p>Detall\u00f3 que estas medidas han sido reiteradamente condenadas por la&nbsp;<strong>Asamblea General de Naciones Unidas,<\/strong>&nbsp;que las considera como contraria al derecho internacional humanitario, a la&nbsp;<strong>Carta de las Naciones Unidas<\/strong>&nbsp;y a las m\u00e1s considerables normas y principios que rigen las relaciones civilizadas entre los Estados.<\/p>\n\n\n\n<p>El\u00a0<strong>Canciller<\/strong>\u00a0expres\u00f3 que las medidas coercitivas de\u00a0<strong>EE.UU<\/strong>.\u00a0 han significado una abrupta ca\u00edda del petr\u00f3leo, la p\u00e9rdida de 120 mil millones de d\u00f3lares y la adquisici\u00f3n de alimentos y medicamentos para el pueblo.<\/p>\n\n\n\n<p><strong>YVKEMundial<\/strong><\/p>\n","protected":false},"excerpt":{"rendered":"<p>El&nbsp;ministro del Poder Popular para Relaciones Exteriores,&nbsp;Jorge Arreaza, llam\u00f3 este martes al organismo a condenar las medidas coercitivas y unilaterales impuestas por&nbsp;Estados Unidos&nbsp;(EE.UU.)&nbsp;contra el&nbsp;pueblo venezolano. Durante la&nbsp;43&nbsp;Sesi\u00f3n Ordinaria del Consejo de Derechos Humanos&nbsp;de Naciones Unidas, la cual se celebr\u00f3 en&nbsp;Ginebra, Suiza, el Canciller resalt\u00f3 que la acci\u00f3n de Venezuela en el consejo est\u00e1 orientada a [&hellip;]<\/p>\n","protected":false},"author":2,"featured_media":162132,"comment_status":"closed","ping_status":"closed","sticky":false,"template":"","format":"standard","meta":{"footnotes":""},"categories":[9,11],"tags":[],"class_list":{"0":"post-162131","1":"post","2":"type-post","3":"status-publish","4":"format-standard","5":"has-post-thumbnail","7":"category-nacionales","8":"category-politica"},"_links":{"self":[{"href":"https:\/\/elluchador.info\/index.php?rest_route=\/wp\/v2\/posts\/162131","targetHints":{"allow":["GET"]}}],"collection":[{"href":"https:\/\/elluchador.info\/index.php?rest_route=\/wp\/v2\/posts"}],"about":[{"href":"https:\/\/elluchador.info\/index.php?rest_route=\/wp\/v2\/types\/post"}],"author":[{"embeddable":true,"href":"https:\/\/elluchador.info\/index.php?rest_route=\/wp\/v2\/users\/2"}],"replies":[{"embeddable":true,"href":"https:\/\/elluchador.info\/index.php?rest_route=%2Fwp%2Fv2%2Fcomments&post=162131"}],"version-history":[{"count":1,"href":"https:\/\/elluchador.info\/index.php?rest_route=\/wp\/v2\/posts\/162131\/revisions"}],"predecessor-version":[{"id":162133,"href":"https:\/\/elluchador.info\/index.php?rest_route=\/wp\/v2\/posts\/162131\/revisions\/162133"}],"wp:featuredmedia":[{"embeddable":true,"href":"https:\/\/elluchador.info\/index.php?rest_route=\/wp\/v2\/media\/162132"}],"wp:attachment":[{"href":"https:\/\/elluchador.info\/index.php?rest_route=%2Fwp%2Fv2%2Fmedia&parent=162131"}],"wp:term":[{"taxonomy":"category","embeddable":true,"href":"https:\/\/elluchador.info\/index.php?rest_route=%2Fwp%2Fv2%2Fcategories&post=162131"},{"taxonomy":"post_tag","embeddable":true,"href":"https:\/\/elluchador.info\/index.php?rest_route=%2Fwp%2Fv2%2Ftags&post=162131"}],"curies":[{"name":"wp","href":"https:\/\/api.w.org\/{rel}","templated":true}]}}