{"id":162143,"date":"2020-02-25T14:29:07","date_gmt":"2020-02-25T18:29:07","guid":{"rendered":"https:\/\/elluchador.info\/web\/?p=162143"},"modified":"2020-02-25T14:19:59","modified_gmt":"2020-02-25T18:19:59","slug":"carnaval-en-angostura-del-orinoco-fue-un-rotundo-exito","status":"publish","type":"post","link":"https:\/\/elluchador.info\/?p=162143","title":{"rendered":"Carnaval en Angostura del Orinoco fue un rotundo \u00e9xito"},"content":{"rendered":"\n<p>La celebraci\u00f3n\nde las fiestas de carnaval en el municipio Angostura del Orinoco, fueron\ncatalogadas como un \u201c\u00e9xito\u201d por los visitantes y propios que visitaron los\ndiferentes espacios preparados para las actividades.<\/p>\n\n\n\n<p>Los\nciudadanos participaron de las jornadas culturales, deportivas y recreativas\nque organiz\u00f3 el Gobierno municipal para preservar las tradiciones de los\nbolivarenses.<\/p>\n\n\n\n<p>Fernando\nJim\u00e9nez, habitante de la parroquia Sabanita, mencion\u00f3 que llev\u00f3 a sus hijos al\nBalneario El Bosque y disfrutaron de \u201cmomentos incre\u00edbles\u201d.<\/p>\n\n\n\n<p>Asimismo\nagradeci\u00f3 al Gobierno municipal por seguir consolidando la cultura y ayudar a\npreservar las tradiciones de Ciudad Bol\u00edvar.<\/p>\n\n\n\n<p>Por su\nparte, Josefina Mart\u00ednez, quien viaj\u00f3 desde San Felipe, estado Yaracuy, para\ndisfrutar de las fiestas de carnaval en la localidad, asegur\u00f3 que se sinti\u00f3\ncomplacida por todo el despliegue recreativo y de seguridad que organiz\u00f3 la\nmunicipalidad.<\/p>\n\n\n\n<p>\u201cCada\na\u00f1o viajo hasta mi tierra -Ciudad Bol\u00edvar- porque me gusta pasar estos d\u00edas con\nmi familia y disfrutar de los mejores espacios que tiene mi ciudad. Espero que\npara los pr\u00f3ximos a\u00f1os se siga haciendo estas fiestas para que los ciudadanos\npodamos disfrutar con la familia\u201d, dijo.<\/p>\n\n\n\n<p><strong>Organizaci\u00f3n de altura<\/strong><\/p>\n\n\n\n<p>Karina\nAldoma, directora de Turismo municipal, destac\u00f3 que el Gobierno de Angostura\ndel Orinoco realiz\u00f3 una importante inversi\u00f3n para seguir brindando alegr\u00eda a\nlos bolivarenses a trav\u00e9s de la celebraci\u00f3n del carnaval.<\/p>\n\n\n\n<p>Declar\u00f3\nque realizaron actividades especiales en el parque Leonardo Ruiz Pineda, el\nFort\u00edn El Zamuro, la plaza Centuri\u00f3n, el Mirador Angostura y el balneario El\nBosque y otros espacios.<\/p>\n\n\n\n<p>Asimismo,\nse\u00f1al\u00f3 que estuvieron acompa\u00f1ando el desfile de la Ruta del Calipso 2020, junto\na la Gobernaci\u00f3n del estado Bol\u00edvar, donde el pueblo bolivarense asisti\u00f3\nmasivamente.<\/p>\n\n\n\n<p>\u201cGracias\na nuestro alcalde, Sergio Hern\u00e1ndez, tuvimos unas fiestas de altura, bajo los\nmejores est\u00e1ndares de organizaci\u00f3n para que las familias de nuestra tierra\ndisfrutaran sus acostumbradas fiestas de carnaval\u201d, expres\u00f3.<\/p>\n\n\n\n<p>Explic\u00f3\nque fue un total \u00e9xito el Festival de Negritas de Carnaval realizado en la\nplaza Centuri\u00f3n y agradeci\u00f3 a todos los miembros del poder popular que apoyaron\nla actividad.<\/p>\n\n\n\n<p>De la\nmisma forma, Isa\u00edas Rodr\u00edguez, director del Instituto Municipal de Deporte y\nRecreaci\u00f3n, se\u00f1al\u00f3 que los ni\u00f1os y j\u00f3venes disfrutaron con alegr\u00eda de las\nactividades recreativas que realizaron en diversos espacios.<\/p>\n\n\n\n<p>Agradeci\u00f3 la confianza de los ciudadanos y mencion\u00f3 que esto es solo una muestra de lo que preparan para la Semana Santa de este a\u00f1o 2020.<\/p>\n\n\n\n<p><strong>Prensa Alcald\u00eda Angostura\ndel Orinoco<\/strong><\/p>\n","protected":false},"excerpt":{"rendered":"<p>La celebraci\u00f3n de las fiestas de carnaval en el municipio Angostura del Orinoco, fueron catalogadas como un \u201c\u00e9xito\u201d por los visitantes y propios que visitaron los diferentes espacios preparados para las actividades. Los ciudadanos participaron de las jornadas culturales, deportivas y recreativas que organiz\u00f3 el Gobierno municipal para preservar las tradiciones de los bolivarenses. Fernando [&hellip;]<\/p>\n","protected":false},"author":2,"featured_media":162148,"comment_status":"closed","ping_status":"closed","sticky":false,"template":"","format":"standard","meta":{"footnotes":""},"categories":[5,20],"tags":[],"class_list":{"0":"post-162143","1":"post","2":"type-post","3":"status-publish","4":"format-standard","5":"has-post-thumbnail","7":"category-destacado","8":"category-municipal"},"_links":{"self":[{"href":"https:\/\/elluchador.info\/index.php?rest_route=\/wp\/v2\/posts\/162143","targetHints":{"allow":["GET"]}}],"collection":[{"href":"https:\/\/elluchador.info\/index.php?rest_route=\/wp\/v2\/posts"}],"about":[{"href":"https:\/\/elluchador.info\/index.php?rest_route=\/wp\/v2\/types\/post"}],"author":[{"embeddable":true,"href":"https:\/\/elluchador.info\/index.php?rest_route=\/wp\/v2\/users\/2"}],"replies":[{"embeddable":true,"href":"https:\/\/elluchador.info\/index.php?rest_route=%2Fwp%2Fv2%2Fcomments&post=162143"}],"version-history":[{"count":1,"href":"https:\/\/elluchador.info\/index.php?rest_route=\/wp\/v2\/posts\/162143\/revisions"}],"predecessor-version":[{"id":162149,"href":"https:\/\/elluchador.info\/index.php?rest_route=\/wp\/v2\/posts\/162143\/revisions\/162149"}],"wp:featuredmedia":[{"embeddable":true,"href":"https:\/\/elluchador.info\/index.php?rest_route=\/wp\/v2\/media\/162148"}],"wp:attachment":[{"href":"https:\/\/elluchador.info\/index.php?rest_route=%2Fwp%2Fv2%2Fmedia&parent=162143"}],"wp:term":[{"taxonomy":"category","embeddable":true,"href":"https:\/\/elluchador.info\/index.php?rest_route=%2Fwp%2Fv2%2Fcategories&post=162143"},{"taxonomy":"post_tag","embeddable":true,"href":"https:\/\/elluchador.info\/index.php?rest_route=%2Fwp%2Fv2%2Ftags&post=162143"}],"curies":[{"name":"wp","href":"https:\/\/api.w.org\/{rel}","templated":true}]}}