{"id":162160,"date":"2020-02-26T09:39:26","date_gmt":"2020-02-26T13:39:26","guid":{"rendered":"https:\/\/elluchador.info\/web\/?p=162160"},"modified":"2020-02-26T09:29:13","modified_gmt":"2020-02-26T13:29:13","slug":"segundo-caso-en-madrid-eleva-a-diez-cifra-de-infectados-por-coronavirus-en-espana","status":"publish","type":"post","link":"https:\/\/elluchador.info\/?p=162160","title":{"rendered":"Segundo caso en Madrid eleva a diez cifra de infectados por coronavirus en Espa\u00f1a"},"content":{"rendered":"\n<p>Era cuesti\u00f3n de d\u00edas que el&nbsp;<strong>coronavirus&nbsp;<\/strong>llegara a&nbsp;<strong>Espa\u00f1a&nbsp;<\/strong>tras el brote surgido en&nbsp;<strong>Italia&nbsp;<\/strong>que ya ha contagiado a 322 personas y 11 pacientes de edad avanzada han muerto con la enfermedad.<\/p>\n\n\n\n<p>Los dos primeros infectados de Espa\u00f1a, un turista alem\u00e1n en La Gomera y un ciudadano brit\u00e1nico en Mallorca, ya han superado la enfermedad y actualmente la cifra de&nbsp;<strong>infectados&nbsp;<\/strong>se sit\u00faa en diez despu\u00e9s que esta ma\u00f1ana se haya confirmado un nuevo contagiado en Pozuelo (Madrid), el segundo en la capital. Seg\u00fan ha detallado el consejero madrile\u00f1o de Sanidad, Enrique Ru\u00edz Escudero, el estado del paciente es \u201cbueno\u201d y ser\u00e1 trasladado al hospital Carlos III. Los dos casos positivos en Madrid han viajado a una de las regiones declaradas como de riesgo del norte de Italia.<\/p>\n\n\n\n<p>En estos momentos hay cuatro personas con el&nbsp;<strong>Covid-19<\/strong>&nbsp;en&nbsp;<strong>Tenerife&nbsp;<\/strong>\u2013 el m\u00e9dico italiano, su mujer y&nbsp;una pareja de amigos que les acompa\u00f1aba-, una ciudadana&nbsp;italiana residente en&nbsp;<strong>Barcelona<\/strong>&nbsp;, un&nbsp;joven de Madrid&nbsp;y un&nbsp;hombre en&nbsp;<strong>Vila-real<\/strong>&nbsp;(Castell\u00f3n). Todos estos casos estar\u00edan relacionados con el<strong>&nbsp;brote de coronavirus&nbsp;<\/strong>registrado en el norte de Italia, ya que hab\u00edan&nbsp;viajado a la zona en los \u00faltimos d\u00edas.<ins><\/ins><\/p>\n\n\n\n<p>El m\u00e9dico italiano y su mujer, que llegaron a&nbsp;<strong>Tenerife&nbsp;<\/strong>el pasado d\u00eda 17 y se encuentran bien de salud, estuvieron hospedados pr\u00e1cticamente una semana en el hotel&nbsp;<strong>H10 Costa Adeje Palace<\/strong>. Contagiaron a los dos amigos con los que estaban disfrutando de las vacaciones, con los que tuvieron un contacto directo, y como medida preventiva este martes se opt\u00f3 por&nbsp;aislar por completo el hotel&nbsp;en el que todos se hospedaban. M\u00e1s de 700 hu\u00e9spedes de 25 nacionalidades diferentes se encuentran recluidos en el establecimiento y deben hacerles pruebas para descartar nuevos contagios.<\/p>\n\n\n\n<p>Las muestras obtenidas de estos dos nuevos positivos de Tenerife han sido enviadas al Instituto de Salud Carlos III para su confirmaci\u00f3n en una segunda prueba, siguiendo los protocolos establecidos para esta situaci\u00f3n. De momento se encuentran aislados en el Hospital Universitario de Nuestra Se\u00f1ora de La Candelaria, el mismo centro donde est\u00e1n ingresados el m\u00e9dico y su pareja.<\/p>\n\n\n\n<p>En Madrid, despu\u00e9s que el martes se confirmara el positivo por&nbsp;<strong>Covid-19<\/strong>&nbsp;de un joven de 24 a\u00f1os que viaj\u00f3 al norte de Italia y que est\u00e1&nbsp;ingresado en el Hospital Carlos III, donde la Comunidad de Madrid cuenta con una unidad especializada de aislamiento. Este mi\u00e9rcoles se ha confirmado un segundo en Pozuelo.<ins><\/ins><\/p>\n\n\n\n<p>La Consejer\u00eda ha comunicado el env\u00edo de muestras para su confirmaci\u00f3n al Centro Nacional de Microbiolog\u00eda de Madrid, tal y como marca el protocolo establecido para estos casos. Hasta la fecha, la Comunidad de Madrid hab\u00eda descartado m\u00e1s de 200 casos evaluados desde que se declar\u00f3 el brote de&nbsp;<strong>coronavirus&nbsp;<\/strong>el pasado 30 de diciembre en la ciudad china de&nbsp;<strong>Wuhan<\/strong>.<\/p>\n\n\n\n<p>Adem\u00e1s, se ha confirmado otro caso de&nbsp;<strong>coronavirus&nbsp;<\/strong>en la Comunitat Valenciana. Se trata de un hombre que hab\u00eda acudido al hospital La Plana, en Vila-real (Castell\u00f3n) con s\u00edntomas compatibles con la enfermedad. Los primeros an\u00e1lisis han confirmado la presencia del virus, ha indicado Sanidad en un comunicado.<\/p>\n\n\n\n<p>En Catalunya, una mujer italiana de 36 a\u00f1os residente en Barcelona que hab\u00eda viajado al norte de Italia del 12 al 22 de febrero ha dado tambi\u00e9n positivo. La Conselleria de Salut de la Generalitat ha identificado y puesto en&nbsp;aislamiento domiciliario a&nbsp;<strong>25 personas cercanas a ella<\/strong>&nbsp;. La paciente se desplaz\u00f3 el lunes al Hospital Cl\u00ednic de Barcelona, donde se encuentra en aislamiento actualmente, y cl\u00ednicamente est\u00e1 bien y presenta s\u00edntomas como la gripe.<ins><\/ins><\/p>\n\n\n\n<p>Las autoridades sanitarias espa\u00f1olas y el presidente del Gobierno Pedro S\u00e1nchez insisten en recomendar a la ciudadan\u00eda que hay que tener \u201ctranquilidad y confianza\u201d en la salud p\u00fablica \u201cextraordinariamente sobresaliente\u201d. Se pide no caer en alarmismos y desde el Colegio de Farmac\u00e9uticos de Barcelona recuerdan que conviene evitar la compra \u201cindiscriminada\u201d de mascarillas por el miedo al&nbsp;<strong>Covid-19<\/strong>. \u201cNo son necesarias en personas sanas\u201d, se\u00f1alan.<\/p>\n\n\n\n<p>El mapa del Centro de Ciencia e Ingenier\u00eda de Sistemas de la Universidad Johns Hopkins, que a diario se actualiza con todos los casos detectados en el mundo, se\u00f1ala este mi\u00e9rcoles que los contagiados ya superan los 81.000 en todo el mundo, de los cuales&nbsp;<strong>2.762 han muerto con Covid-19<\/strong>&nbsp;y 30.098 han superado la enfermedad sin problemas.&nbsp;<strong>China&nbsp;<\/strong>contin\u00faa acaparando la inmensa mayor\u00eda de los casos, pero las cifras van cayendo poco a poco en relaci\u00f3n a d\u00edas anteriores.<\/p>\n\n\n\n<p><a href=\"https:\/\/www.lavanguardia.com\/vida\/20200226\/473792422646\/casos-confirmados-coronavirus-espana.html\" target=\"_blank\" rel=\"noreferrer noopener\"><strong><em>La Vanguardia<\/em><\/strong><\/a><\/p>\n","protected":false},"excerpt":{"rendered":"<p>Era cuesti\u00f3n de d\u00edas que el&nbsp;coronavirus&nbsp;llegara a&nbsp;Espa\u00f1a&nbsp;tras el brote surgido en&nbsp;Italia&nbsp;que ya ha contagiado a 322 personas y 11 pacientes de edad avanzada han muerto con la enfermedad. Los dos primeros infectados de Espa\u00f1a, un turista alem\u00e1n en La Gomera y un ciudadano brit\u00e1nico en Mallorca, ya han superado la enfermedad y actualmente la cifra [&hellip;]<\/p>\n","protected":false},"author":2,"featured_media":162161,"comment_status":"closed","ping_status":"closed","sticky":false,"template":"","format":"standard","meta":{"footnotes":""},"categories":[8],"tags":[],"class_list":{"0":"post-162160","1":"post","2":"type-post","3":"status-publish","4":"format-standard","5":"has-post-thumbnail","7":"category-internacionales"},"_links":{"self":[{"href":"https:\/\/elluchador.info\/index.php?rest_route=\/wp\/v2\/posts\/162160","targetHints":{"allow":["GET"]}}],"collection":[{"href":"https:\/\/elluchador.info\/index.php?rest_route=\/wp\/v2\/posts"}],"about":[{"href":"https:\/\/elluchador.info\/index.php?rest_route=\/wp\/v2\/types\/post"}],"author":[{"embeddable":true,"href":"https:\/\/elluchador.info\/index.php?rest_route=\/wp\/v2\/users\/2"}],"replies":[{"embeddable":true,"href":"https:\/\/elluchador.info\/index.php?rest_route=%2Fwp%2Fv2%2Fcomments&post=162160"}],"version-history":[{"count":1,"href":"https:\/\/elluchador.info\/index.php?rest_route=\/wp\/v2\/posts\/162160\/revisions"}],"predecessor-version":[{"id":162162,"href":"https:\/\/elluchador.info\/index.php?rest_route=\/wp\/v2\/posts\/162160\/revisions\/162162"}],"wp:featuredmedia":[{"embeddable":true,"href":"https:\/\/elluchador.info\/index.php?rest_route=\/wp\/v2\/media\/162161"}],"wp:attachment":[{"href":"https:\/\/elluchador.info\/index.php?rest_route=%2Fwp%2Fv2%2Fmedia&parent=162160"}],"wp:term":[{"taxonomy":"category","embeddable":true,"href":"https:\/\/elluchador.info\/index.php?rest_route=%2Fwp%2Fv2%2Fcategories&post=162160"},{"taxonomy":"post_tag","embeddable":true,"href":"https:\/\/elluchador.info\/index.php?rest_route=%2Fwp%2Fv2%2Ftags&post=162160"}],"curies":[{"name":"wp","href":"https:\/\/api.w.org\/{rel}","templated":true}]}}