{"id":162163,"date":"2020-02-26T09:51:00","date_gmt":"2020-02-26T13:51:00","guid":{"rendered":"https:\/\/elluchador.info\/web\/?p=162163"},"modified":"2020-02-26T09:40:46","modified_gmt":"2020-02-26T13:40:46","slug":"continua-celebracion-de-120-aniversario-de-la-camara-de-comercio","status":"publish","type":"post","link":"https:\/\/elluchador.info\/?p=162163","title":{"rendered":"Contin\u00faa celebraci\u00f3n de 120 aniversario de la C\u00e1mara de Comercio"},"content":{"rendered":"\n<p> Con un evento denominado \u201cEl reto empresarial,<br>perspectivas econ\u00f3micas 2020\u201d la C\u00e1mara de Comercio e Industrias del<br>estado Bol\u00edvar (CCIEB) celebr\u00f3 el pasado\u00a0 jueves, 20 de febrero, 120<br>a\u00f1os de fundada, para ubicarse como\u00a0 una de las instituciones<br>gremiales m\u00e1s representativas del pa\u00eds, comprometida con el<br>crecimiento econ\u00f3mico y la gente de la capital bolivarense.<\/p>\n\n\n\n<figure class=\"wp-block-image\"><img loading=\"lazy\" decoding=\"async\" width=\"1024\" height=\"768\" src=\"https:\/\/elluchador.info\/web\/wp-content\/uploads\/2020\/02\/foto125-1024x768.jpg\" alt=\"\" class=\"wp-image-162164\" srcset=\"https:\/\/elluchador.info\/wp-content\/uploads\/2020\/02\/foto125-1024x768.jpg 1024w, https:\/\/elluchador.info\/wp-content\/uploads\/2020\/02\/foto125-300x225.jpg 300w, https:\/\/elluchador.info\/wp-content\/uploads\/2020\/02\/foto125-768x576.jpg 768w\" sizes=\"auto, (max-width: 1024px) 100vw, 1024px\" \/><\/figure>\n\n\n\n<p><br>Al inicio del acto los asistentes guardaron un minuto de silencio en<br>honor a los expresidentes Jhon Baikoglu y Nino Fortunato, fallecidos<br>en 2019 y en 2020.<\/p>\n\n\n\n<p><br>El expresidente Rom\u00e1n Aziz realiz\u00f3 unas palabras en acci\u00f3n de gracias,<br>se\u00f1al\u00f3 que gracias a los fundadores de la\u00a0 CCIEB y a cada uno de sus<br>presidentes se mantuvo en el tiempo, y en la actualidad una mujer como<br>Zulay L\u00f3pez Mesones tenga la oportunidad de presidirla.<\/p>\n\n\n\n<p><br>Por su parte, el presidente de la Comisi\u00f3n 120 aniversario y<br>expresidente tambi\u00e9n, Juan Zakur, mencion\u00f3 que la C\u00e1mara ha aguantado<br>todos los gobiernos, es porque los empresarios a pesar de las<br>dificultades tambi\u00e9n. Record\u00f3 al director Ejecutivo, Jairo Robles como<br>autor del Himno del Comerciante, para toda Venezuela como parte de la<br>importancia del estado Bol\u00edvar en el gremio empresarial.<\/p>\n\n\n\n<p><br>\u201cLe dejamos un documental para la historia durante estos 120 a\u00f1os<br>realizado por gente de la ciudad como Luis Lara, Cesar Perez Rossi y<br>Am\u00e9rico Fern\u00e1ndez, tambi\u00e9n quisimos de manera gratuita que el<br>economista Jes\u00fas Casique presentara esta ponencia de perspectivas<br>econ\u00f3micas para saber d\u00f3nde estamos parados y hacia donde nos<br>dirigimos este a\u00f1o\u201d.<\/p>\n\n\n\n<p><br><strong>Optimismo para el futuro<\/strong><br>La presidente de la C\u00e1mara de Comercio, Zulay L\u00f3pez Mesones se dirigi\u00f3<br>al p\u00fablico con un mensaje sobre la necesidad de reinventarse para<br>todos: como empresarios, como c\u00e1mara, como sociedad, como pa\u00eds.<br>\u201cReinventarnos implica mantener encendida la flama de la esperanza, la<br>Venezuela en crisis se est\u00e1 reinventando, no solo a trav\u00e9s de j\u00f3venes<br>y emprendedores que apostando por el pa\u00eds han decidido invertir<br>capital , ello no basta, ha de estar acompa\u00f1ado de verdadero<br>desarrollo social, incremento de nuestros indicadores de desarrollo<br>humano lo que implicar\u00e1 tambi\u00e9n, incrementar nuestros activos en<br>responsabilidad social conforme a los valores fundamentales para el<br>desarrollo cierto y sostenido de nuestra sociedad y de nuestro pa\u00eds\u201d,<br>dijo.<\/p>\n\n\n\n<p><br>El Presidente de Consecomercio,\u00a0 Felipe Capozzolo en su mensaje habl\u00f3<br>de la comprensi\u00f3n sobre c\u00f3mo funciona el mundo y cu\u00e1l es el pa\u00eds \u201cen<br>el que todos queremos vivir, un pa\u00eds ameno donde se cubran las<br>necesidades de\u00a0 la gente, se pueda vivir en paz, confiar en las<br>autoridades y nosotros mismos\u201d, expres\u00f3.<br>Para cerrar las intervenciones, el Primer Vicepr<\/p>\n\n\n\n<p>esidente Presidente de<br>Fedec\u00e1maras Nacional, Carlos Fern\u00e1ndez destac\u00f3 el significado que<br>tiene la C\u00e1mara de Comercio para el desarrollo de Ciudad Bol\u00edvar, \u201cha<br>sido protagonista de eventos de la transformaci\u00f3n de ciudad, sus<br>miembros son promotores de valores, bienestar y bien com\u00fan\u201d.<br>Aprovech\u00f3 para indicar que en este 2020 la empresa privada es la<br>principal contribuyente al fisco, \u201cse acab\u00f3 el modelo petrolero, pero<br>no hay uno nuevo. El gran reto es la voracidad fiscal, la cual se va a<br>centrar en las grandes empresas\u201d, asever\u00f3 Fern\u00e1ndez.<\/p>\n\n\n\n<p><br>Durante la conferencia el economista Jes\u00fas Casique, explica una<br>propuesta econ\u00f3mica al gobierno la cual trata de no utilizar el<br>petr\u00f3leo como agente fiscal, solicitar financiamiento Internacional y<br>minimizar los procedimientos para establecer una empresa.<br>Respecto a las empresas sostiene que deben cuidar el flujo de caja y<br>mantener indicadores de gesti\u00f3n interna, dar motivaci\u00f3n al capital<br>humano ya que el salario no es referencia, analizar las estratagemas<br>de precios (inflaci\u00f3n y\u00a0 tipo de cambio).<br>La Junta Directiva 2019-2021 fue la anfitriona de los asistentes, su<br>presidente, Zulay L\u00f3pez Mesones, encabez\u00f3 el presidio acompa\u00f1ada por<br>el Presidente de Consecomercio,\u00a0 \u00a0Felipe Capozzolo, el Primer<br>Vicepresidente Presidente de Fedec\u00e1maras Nacional, Carlos Fern\u00e1ndez,<br>del Presidente de Fedec\u00e1maras, Juan Zakur, Presidente de la Comision<br>120 Aniversario, Jos\u00e9 Alfredo Olivo, presidente de Fedec\u00e1maras Bol\u00edvar<br>y la Presidenta de la Fundaci\u00f3n Social Cultural de la C\u00e1mara de<br>Comercio, Marialix G\u00f3mez de Berm\u00fadez.<\/p>\n\n\n\n<p><br>Entre los asistentes estuvieron Degnis G\u00f3mez, primer vicepresidente,<br>Elio Berm\u00fadez, segundo vicepresidente, Albe Gorr\u00edn, tesorero y<br>directores acompa\u00f1ados por las damas de la Fyundaci\u00f3n Social y<br>Cultural, directivos de la C\u00e1mara de Comercio de Caron\u00ed, Fedec\u00e1maras<br>Bol\u00edvar, C\u00e1mara de Turismo del estado Bol\u00edvar, Consecomercio y los<br>miembros del Consejo de expresidentes: Florenzo Schettino, Fernando<br>Cepeda, actual segundo Vicepresidente de Fedec\u00e1maras y Austerio<br>Gonz\u00e1lez, primer vicepresidente de Fedec\u00e1maras Bol\u00edvar.<br>Reconocimientos<br>Uno de los momentos m\u00e1s emotivos durante toda la noche fue la entrega<br>de reconocimientos a Tom\u00e1s Antonio (Chino) hino Le\u00f3n y al empresario<br>Klaus Welle Phen; la Fundaci\u00f3n Social y Cultural otorg\u00f3 un<br>reconocimiento en el marco de esta celebraci\u00f3n a la Banda Dalla Costa.<br>En este sentido, instituciones como Consecomercio y la C\u00e1mara<br>Inmobiliaria de Heres (CIHERES) entregaron placas de reconocimiento a<br>la C\u00e1mara de Comercio por sus 120 a\u00f1os<br>Asimismo, en una ceremonia, antes del acto central, continuando con<br>una tradici\u00f3n gremial se efectu\u00f3 la Colgada de fotos de Rom\u00e1n Aziz y<br>de Austerio Gonz\u00e1lez en la Galer\u00eda de expresidentes de la C\u00e1mara de<br>Comercio. <\/p>\n","protected":false},"excerpt":{"rendered":"<p>Con un evento denominado \u201cEl reto empresarial,perspectivas econ\u00f3micas 2020\u201d la C\u00e1mara de Comercio e Industrias delestado Bol\u00edvar (CCIEB) celebr\u00f3 el pasado\u00a0 jueves, 20 de febrero, 120a\u00f1os de fundada, para ubicarse como\u00a0 una de las institucionesgremiales m\u00e1s representativas del pa\u00eds, comprometida con elcrecimiento econ\u00f3mico y la gente de la capital bolivarense. Al inicio del acto los [&hellip;]<\/p>\n","protected":false},"author":2,"featured_media":162165,"comment_status":"closed","ping_status":"closed","sticky":false,"template":"","format":"standard","meta":{"footnotes":""},"categories":[5,12],"tags":[],"class_list":{"0":"post-162163","1":"post","2":"type-post","3":"status-publish","4":"format-standard","5":"has-post-thumbnail","7":"category-destacado","8":"category-regionales"},"_links":{"self":[{"href":"https:\/\/elluchador.info\/index.php?rest_route=\/wp\/v2\/posts\/162163","targetHints":{"allow":["GET"]}}],"collection":[{"href":"https:\/\/elluchador.info\/index.php?rest_route=\/wp\/v2\/posts"}],"about":[{"href":"https:\/\/elluchador.info\/index.php?rest_route=\/wp\/v2\/types\/post"}],"author":[{"embeddable":true,"href":"https:\/\/elluchador.info\/index.php?rest_route=\/wp\/v2\/users\/2"}],"replies":[{"embeddable":true,"href":"https:\/\/elluchador.info\/index.php?rest_route=%2Fwp%2Fv2%2Fcomments&post=162163"}],"version-history":[{"count":1,"href":"https:\/\/elluchador.info\/index.php?rest_route=\/wp\/v2\/posts\/162163\/revisions"}],"predecessor-version":[{"id":162166,"href":"https:\/\/elluchador.info\/index.php?rest_route=\/wp\/v2\/posts\/162163\/revisions\/162166"}],"wp:featuredmedia":[{"embeddable":true,"href":"https:\/\/elluchador.info\/index.php?rest_route=\/wp\/v2\/media\/162165"}],"wp:attachment":[{"href":"https:\/\/elluchador.info\/index.php?rest_route=%2Fwp%2Fv2%2Fmedia&parent=162163"}],"wp:term":[{"taxonomy":"category","embeddable":true,"href":"https:\/\/elluchador.info\/index.php?rest_route=%2Fwp%2Fv2%2Fcategories&post=162163"},{"taxonomy":"post_tag","embeddable":true,"href":"https:\/\/elluchador.info\/index.php?rest_route=%2Fwp%2Fv2%2Ftags&post=162163"}],"curies":[{"name":"wp","href":"https:\/\/api.w.org\/{rel}","templated":true}]}}