{"id":162167,"date":"2020-02-26T09:56:11","date_gmt":"2020-02-26T13:56:11","guid":{"rendered":"https:\/\/elluchador.info\/web\/?p=162167"},"modified":"2020-02-26T09:45:53","modified_gmt":"2020-02-26T13:45:53","slug":"el-salvador-prohibe-ingreso-de-extranjeros-desde-italia-y-corea-del-sur-por-coronavirus","status":"publish","type":"post","link":"https:\/\/elluchador.info\/?p=162167","title":{"rendered":"El Salvador proh\u00edbe ingreso de extranjeros desde Italia y Corea del Sur por coronavirus"},"content":{"rendered":"\n<p>El presidente de El Salvador, Nayib Bukele, anunci\u00f3 el martes que extranjeros que provengan de Italia y Corea del Sur no podr\u00e1n ingresar al pa\u00eds centroamericano, en un intento por evitar la propagaci\u00f3n del brote de coronavirus, que ha dejado miles de fallecidos e infectados en varias naciones.<\/p>\n\n\n\n<p>Bukele agreg\u00f3, a trav\u00e9s de su cuenta de Twitter, que los salvadore\u00f1os y diplom\u00e1ticos que viajen desde esos dos pa\u00edses ser\u00e1n puestos en cuarentena durante 30 d\u00edas.<\/p>\n\n\n\n<p>\u201cEspero de coraz\u00f3n que la comunidad internacional logre contener este virus y que los cient\u00edficos logren encontrar una vacuna lo m\u00e1s r\u00e1pido posible\u201d, dijo el mandatario.<\/p>\n\n\n\n<p><strong>Wtc Radio <\/strong><\/p>\n","protected":false},"excerpt":{"rendered":"<p>El presidente de El Salvador, Nayib Bukele, anunci\u00f3 el martes que extranjeros que provengan de Italia y Corea del Sur no podr\u00e1n ingresar al pa\u00eds centroamericano, en un intento por evitar la propagaci\u00f3n del brote de coronavirus, que ha dejado miles de fallecidos e infectados en varias naciones. Bukele agreg\u00f3, a trav\u00e9s de su cuenta [&hellip;]<\/p>\n","protected":false},"author":2,"featured_media":162168,"comment_status":"closed","ping_status":"closed","sticky":false,"template":"","format":"standard","meta":{"footnotes":""},"categories":[8],"tags":[],"class_list":{"0":"post-162167","1":"post","2":"type-post","3":"status-publish","4":"format-standard","5":"has-post-thumbnail","7":"category-internacionales"},"_links":{"self":[{"href":"https:\/\/elluchador.info\/index.php?rest_route=\/wp\/v2\/posts\/162167","targetHints":{"allow":["GET"]}}],"collection":[{"href":"https:\/\/elluchador.info\/index.php?rest_route=\/wp\/v2\/posts"}],"about":[{"href":"https:\/\/elluchador.info\/index.php?rest_route=\/wp\/v2\/types\/post"}],"author":[{"embeddable":true,"href":"https:\/\/elluchador.info\/index.php?rest_route=\/wp\/v2\/users\/2"}],"replies":[{"embeddable":true,"href":"https:\/\/elluchador.info\/index.php?rest_route=%2Fwp%2Fv2%2Fcomments&post=162167"}],"version-history":[{"count":1,"href":"https:\/\/elluchador.info\/index.php?rest_route=\/wp\/v2\/posts\/162167\/revisions"}],"predecessor-version":[{"id":162169,"href":"https:\/\/elluchador.info\/index.php?rest_route=\/wp\/v2\/posts\/162167\/revisions\/162169"}],"wp:featuredmedia":[{"embeddable":true,"href":"https:\/\/elluchador.info\/index.php?rest_route=\/wp\/v2\/media\/162168"}],"wp:attachment":[{"href":"https:\/\/elluchador.info\/index.php?rest_route=%2Fwp%2Fv2%2Fmedia&parent=162167"}],"wp:term":[{"taxonomy":"category","embeddable":true,"href":"https:\/\/elluchador.info\/index.php?rest_route=%2Fwp%2Fv2%2Fcategories&post=162167"},{"taxonomy":"post_tag","embeddable":true,"href":"https:\/\/elluchador.info\/index.php?rest_route=%2Fwp%2Fv2%2Ftags&post=162167"}],"curies":[{"name":"wp","href":"https:\/\/api.w.org\/{rel}","templated":true}]}}