{"id":162187,"date":"2020-02-26T11:55:52","date_gmt":"2020-02-26T15:55:52","guid":{"rendered":"https:\/\/elluchador.info\/web\/?p=162187"},"modified":"2020-02-26T11:45:27","modified_gmt":"2020-02-26T15:45:27","slug":"brasil-confirma-el-primer-caso-de-coronavirus-en-america-latina","status":"publish","type":"post","link":"https:\/\/elluchador.info\/?p=162187","title":{"rendered":"Brasil confirma el primer caso de coronavirus en Am\u00e9rica Latina"},"content":{"rendered":"\n<p>El Ministerio de Salud de Brasil ha confirmado este mi\u00e9rcoles 26 de febrero el primer caso de\u00a0coronavirus\u00a0del pa\u00eds.<\/p>\n\n\n\n<p>El paciente es un hombre de 61 a\u00f1os residente en S\u00e3o Paulo que viaj\u00f3 solo por trabajo entre el 9 y el 21 de febrero a la regi\u00f3n de Lombard\u00eda en el Norte de Italia. Se encuentra con s\u00edntomas leves de fiebre, tos seca, dolor de garganta y nariz congestionada, seg\u00fan el ministro de Salud, Luiz Henrique Mandetta.<\/p>\n\n\n\n<figure class=\"wp-block-image\"><a href=\"https:\/\/cnnespanol2.files.wordpress.com\/2020\/02\/156cd1ea-a892-47db-836b-c69f566e7e47.jpg?quality=100&amp;strip=info&amp;strip=info\"><img decoding=\"async\" src=\"https:\/\/cnnespanol2.files.wordpress.com\/2020\/02\/156cd1ea-a892-47db-836b-c69f566e7e47.jpg?quality=100&amp;strip=info&amp;w=1024&amp;h=683\" alt=\"CASALPUSTERLENGO, ITALY - FEBRUARY 23: A man wearinig a respiratory mask and gloves is pictured on February 23, 2020 in Casalpusterlengo, south-west Milan, Italy. Casalpusterlengo is one of the ten small towns placed under lockdown earlier this morning as a second death from coronavirus sparked fears throughout the Lombardy region. (Photo by Emanuele Cremaschi\/Getty Images)\" class=\"wp-image-780275\"\/><\/a><\/figure>\n\n\n\n<p>Es el primer caso de coronavirus en Am\u00e9rica Latina.<\/p>\n\n\n\n<p>Las secretar\u00edas estaduales y municipales de S\u00e3o Paulo, est\u00e1n identificando a las personas con las que el paciente ha tenido contacto en el domicilio, el hospital y el avi\u00f3n en colaboraci\u00f3n con la Agencia Nacional de Vigilancia Sanitaria (Anvisa) y la compa\u00f1\u00eda a\u00e9rea.<\/p>\n\n\n\n<p>El Ministerio afirm\u00f3 estar siguiendo todos los protocolos marcados por la Organizaci\u00f3n Mundial de la Salud (OMS).<\/p>\n\n\n\n<p><strong>CNN Espa\u00f1ol<\/strong><\/p>\n","protected":false},"excerpt":{"rendered":"<p>El Ministerio de Salud de Brasil ha confirmado este mi\u00e9rcoles 26 de febrero el primer caso de\u00a0coronavirus\u00a0del pa\u00eds. El paciente es un hombre de 61 a\u00f1os residente en S\u00e3o Paulo que viaj\u00f3 solo por trabajo entre el 9 y el 21 de febrero a la regi\u00f3n de Lombard\u00eda en el Norte de Italia. Se encuentra [&hellip;]<\/p>\n","protected":false},"author":2,"featured_media":162188,"comment_status":"closed","ping_status":"closed","sticky":false,"template":"","format":"standard","meta":{"footnotes":""},"categories":[5,8],"tags":[],"class_list":{"0":"post-162187","1":"post","2":"type-post","3":"status-publish","4":"format-standard","5":"has-post-thumbnail","7":"category-destacado","8":"category-internacionales"},"_links":{"self":[{"href":"https:\/\/elluchador.info\/index.php?rest_route=\/wp\/v2\/posts\/162187","targetHints":{"allow":["GET"]}}],"collection":[{"href":"https:\/\/elluchador.info\/index.php?rest_route=\/wp\/v2\/posts"}],"about":[{"href":"https:\/\/elluchador.info\/index.php?rest_route=\/wp\/v2\/types\/post"}],"author":[{"embeddable":true,"href":"https:\/\/elluchador.info\/index.php?rest_route=\/wp\/v2\/users\/2"}],"replies":[{"embeddable":true,"href":"https:\/\/elluchador.info\/index.php?rest_route=%2Fwp%2Fv2%2Fcomments&post=162187"}],"version-history":[{"count":1,"href":"https:\/\/elluchador.info\/index.php?rest_route=\/wp\/v2\/posts\/162187\/revisions"}],"predecessor-version":[{"id":162189,"href":"https:\/\/elluchador.info\/index.php?rest_route=\/wp\/v2\/posts\/162187\/revisions\/162189"}],"wp:featuredmedia":[{"embeddable":true,"href":"https:\/\/elluchador.info\/index.php?rest_route=\/wp\/v2\/media\/162188"}],"wp:attachment":[{"href":"https:\/\/elluchador.info\/index.php?rest_route=%2Fwp%2Fv2%2Fmedia&parent=162187"}],"wp:term":[{"taxonomy":"category","embeddable":true,"href":"https:\/\/elluchador.info\/index.php?rest_route=%2Fwp%2Fv2%2Fcategories&post=162187"},{"taxonomy":"post_tag","embeddable":true,"href":"https:\/\/elluchador.info\/index.php?rest_route=%2Fwp%2Fv2%2Ftags&post=162187"}],"curies":[{"name":"wp","href":"https:\/\/api.w.org\/{rel}","templated":true}]}}