{"id":162217,"date":"2020-02-26T13:55:01","date_gmt":"2020-02-26T17:55:01","guid":{"rendered":"https:\/\/elluchador.info\/web\/?p=162217"},"modified":"2020-02-26T13:43:52","modified_gmt":"2020-02-26T17:43:52","slug":"wisin-y-yandel-recibiran-el-homenaje-de-los-premios-latinos-bmi","status":"publish","type":"post","link":"https:\/\/elluchador.info\/?p=162217","title":{"rendered":"Wisin y Yandel recibir\u00e1n el homenaje de los Premios Latinos BMI"},"content":{"rendered":"\n<p>Wisin y Yandel, una de las grandes referencias del reguet\u00f3n, recibir\u00e1n un homenaje especial en la 27 edici\u00f3n de los Premios Latinos BMI, adelant\u00f3 a Efe la organizaci\u00f3n de estos reconocimientos.<\/p>\n\n\n\n<p>\u00abWisin y Yandel es uno de los d\u00faos m\u00e1s populares e influyentes de la m\u00fasica urbana latina de todos los tiempos\u00bb, afirm\u00f3 Alex Flores, vicepresidenta principal del departamento creativo de BMI.<\/p>\n\n\n\n<p>\u00abCon la din\u00e1mica l\u00edrica de sus populares \u00e9xitos, impulsaron la \u2018era dorada\u2019 del reguet\u00f3n, que contin\u00faa influyendo nuestra cultura. Nos complace rendir homenaje a su din\u00e1mico talento art\u00edstico y a la vez celebrar una velada de lo mejor en m\u00fasica latina\u00bb, a\u00f1adi\u00f3.<\/p>\n\n\n\n<p>El d\u00fao puertorrique\u00f1o recibir\u00e1 el Premio Presidencial dentro de la gala de los Premios Latinos BMI que se celebrar\u00e1 el pr\u00f3ximo 31 de marzo en el Hotel Beverly Wilshire de Beverly Hills (Los \u00c1ngeles, EE.UU.).<\/p>\n\n\n\n<p>Estos reconocimientos los organiza cada a\u00f1o la entidad de gesti\u00f3n de derechos de autor Broadcast Music Inc. (BMI) para reconocer los \u00e9xitos de los compositores de m\u00fasica latina.<\/p>\n\n\n\n<p>EFE<\/p>\n","protected":false},"excerpt":{"rendered":"<p>Wisin y Yandel, una de las grandes referencias del reguet\u00f3n, recibir\u00e1n un homenaje especial en la 27 edici\u00f3n de los Premios Latinos BMI, adelant\u00f3 a Efe la organizaci\u00f3n de estos reconocimientos. \u00abWisin y Yandel es uno de los d\u00faos m\u00e1s populares e influyentes de la m\u00fasica urbana latina de todos los tiempos\u00bb, afirm\u00f3 Alex Flores, [&hellip;]<\/p>\n","protected":false},"author":2,"featured_media":81548,"comment_status":"closed","ping_status":"closed","sticky":false,"template":"","format":"standard","meta":{"footnotes":""},"categories":[7],"tags":[],"class_list":{"0":"post-162217","1":"post","2":"type-post","3":"status-publish","4":"format-standard","5":"has-post-thumbnail","7":"category-entretenimiento"},"_links":{"self":[{"href":"https:\/\/elluchador.info\/index.php?rest_route=\/wp\/v2\/posts\/162217","targetHints":{"allow":["GET"]}}],"collection":[{"href":"https:\/\/elluchador.info\/index.php?rest_route=\/wp\/v2\/posts"}],"about":[{"href":"https:\/\/elluchador.info\/index.php?rest_route=\/wp\/v2\/types\/post"}],"author":[{"embeddable":true,"href":"https:\/\/elluchador.info\/index.php?rest_route=\/wp\/v2\/users\/2"}],"replies":[{"embeddable":true,"href":"https:\/\/elluchador.info\/index.php?rest_route=%2Fwp%2Fv2%2Fcomments&post=162217"}],"version-history":[{"count":1,"href":"https:\/\/elluchador.info\/index.php?rest_route=\/wp\/v2\/posts\/162217\/revisions"}],"predecessor-version":[{"id":162218,"href":"https:\/\/elluchador.info\/index.php?rest_route=\/wp\/v2\/posts\/162217\/revisions\/162218"}],"wp:featuredmedia":[{"embeddable":true,"href":"https:\/\/elluchador.info\/index.php?rest_route=\/wp\/v2\/media\/81548"}],"wp:attachment":[{"href":"https:\/\/elluchador.info\/index.php?rest_route=%2Fwp%2Fv2%2Fmedia&parent=162217"}],"wp:term":[{"taxonomy":"category","embeddable":true,"href":"https:\/\/elluchador.info\/index.php?rest_route=%2Fwp%2Fv2%2Fcategories&post=162217"},{"taxonomy":"post_tag","embeddable":true,"href":"https:\/\/elluchador.info\/index.php?rest_route=%2Fwp%2Fv2%2Ftags&post=162217"}],"curies":[{"name":"wp","href":"https:\/\/api.w.org\/{rel}","templated":true}]}}