{"id":162525,"date":"2020-03-03T10:32:16","date_gmt":"2020-03-03T14:32:16","guid":{"rendered":"https:\/\/elluchador.info\/web\/?p=162525"},"modified":"2020-03-03T10:21:51","modified_gmt":"2020-03-03T14:21:51","slug":"guanipa-hace-20-anos-nacio-este-partido-ha-logrado-calar-en-el-corazon-de-los-venezolanos","status":"publish","type":"post","link":"https:\/\/elluchador.info\/?p=162525","title":{"rendered":"Guanipa: Hace 20 a\u00f1os naci\u00f3 este  partido ha logrado calar en el coraz\u00f3n de los venezolanos"},"content":{"rendered":"\n<p>\u00a0Este martes, se cumplen 20 a\u00f1os de la fundaci\u00f3n del partido Primero Justicia, el cual naci\u00f3 el 3 de marzo del a\u00f1o 2000 como un partido de tendencia progresista-humanista y con el trascurrir de los a\u00f1os ha demostrado su compromiso y amor por Venezuela. Actualmente mantienen una lucha desde todos los espacios para recuperar la democracia y la soberan\u00eda del pa\u00eds y acabar con el gobierno madurista.<\/p>\n\n\n\n<p>Primero Justicia es \u00abuna de las herramientas que tiene este pa\u00eds para poder vencer a la dictadura\u00bb, as\u00ed lo asegura el Primer Vicepresidente de la Asamblea Nacional, Juan Pablo Guanipa. \u00abHace 20 a\u00f1os naci\u00f3 este movimiento cimentado en valores afines a lo que somos como pa\u00eds, de all\u00ed raz\u00f3n para que nuestro partido haya logrado calar en el coraz\u00f3n de los venezolanos\u00bb, reiter\u00f3.<\/p>\n\n\n\n<p>\u00abHace 20 a\u00f1os naci\u00f3 este movimiento cimentado en valores afines a lo que somos como pa\u00eds, de all\u00ed raz\u00f3n para que nuestro partido haya logrado calar en el coraz\u00f3n de los venezolanos y para que personas tan distintas entre s\u00ed, consigamos un punto de encuentro: nuestra amada Venezuela. Creemos en la libertad, nuestro anhelo m\u00e1s grande en estos tiempos totalitarios\u00bb, reiter\u00f3 Guanipa.<\/p>\n\n\n\n<p>Por su parte, la Secretaria Regional de la organizaci\u00f3n pol\u00edtica en el Zulia, Elimar D\u00edaz, indic\u00f3 que \u00abhace 20 a\u00f1os se conform\u00f3 una gran familia donde el respeto, la libertad, la justicia, la tolerancia, la equidad, la paz, la honestidad, la responsabilidad, la solidaridad, el apoyo desinteresado y la lealtad; son los valores y principios que han guiado el camino de Primero Justicia en la lucha por la libertad de Venezuela.<\/p>\n\n\n\n<p>As\u00edmismo, la diputada recalc\u00f3 que \u00abPrimero Justicia somos sus militantes, sus verdaderos dirigentes cuyo \u00fanico objetivo es el rescate y reconstrucci\u00f3n de Venezuela, somos sus diputados que no vendemos nuestra conciencia por maletines manchados de sangre, es Juan Requesens, es Fernando Alb\u00e1n, y miles de hombres y mujeres dignos y honestos\u00bb.<\/p>\n\n\n\n<p>Entretanto, el Coordinador de la tolda pol\u00edtica en la regi\u00f3n zuliana, Avilio Troconiz, refiri\u00f3 que \u00aba pesar de los obst\u00e1culos, la persecuci\u00f3n y las p\u00e9rdidas dolorosas no descansaremos nunca hasta lograr la libertad de nuestra Venezuela y hacerla una tierra de progreso\u00bb.<\/p>\n\n\n\n<p>De igual forma, el legislador afirm\u00f3 que Primero Justicia \u00abes una referencia en la defensa de la dignidad y la democracia en Venezuela\u00bb, al tiempo que enfatiz\u00f3 que los dirigentes regionales, municipales, parroquiales, jefes de zona y sector \u00abson el motor de esta familia que cumple 20 a\u00f1os de servicio, de organizaci\u00f3n, de lucha por la justicia, por la democracia y por construir un mejor pa\u00eds\u00bb.<\/p>\n\n\n\n<p>Finalmente, el Coordinador de Maracaibo por la tolda pol\u00edtica, Rafael Ram\u00edrez asegur\u00f3 que la misma ha demostrado coherencia pol\u00edtica y convicci\u00f3n en su accionar en la lucha por el rescate de la libertad y la democracia y que se han mantenido firmes en contra del gobierno totalitario  de Maduro.<\/p>\n\n\n\n<p><strong>Primero Justicia <\/strong><\/p>\n","protected":false},"excerpt":{"rendered":"<p>\u00a0Este martes, se cumplen 20 a\u00f1os de la fundaci\u00f3n del partido Primero Justicia, el cual naci\u00f3 el 3 de marzo del a\u00f1o 2000 como un partido de tendencia progresista-humanista y con el trascurrir de los a\u00f1os ha demostrado su compromiso y amor por Venezuela. Actualmente mantienen una lucha desde todos los espacios para recuperar la [&hellip;]<\/p>\n","protected":false},"author":2,"featured_media":162526,"comment_status":"closed","ping_status":"closed","sticky":false,"template":"","format":"standard","meta":{"footnotes":""},"categories":[5,9],"tags":[],"class_list":{"0":"post-162525","1":"post","2":"type-post","3":"status-publish","4":"format-standard","5":"has-post-thumbnail","7":"category-destacado","8":"category-nacionales"},"_links":{"self":[{"href":"https:\/\/elluchador.info\/index.php?rest_route=\/wp\/v2\/posts\/162525","targetHints":{"allow":["GET"]}}],"collection":[{"href":"https:\/\/elluchador.info\/index.php?rest_route=\/wp\/v2\/posts"}],"about":[{"href":"https:\/\/elluchador.info\/index.php?rest_route=\/wp\/v2\/types\/post"}],"author":[{"embeddable":true,"href":"https:\/\/elluchador.info\/index.php?rest_route=\/wp\/v2\/users\/2"}],"replies":[{"embeddable":true,"href":"https:\/\/elluchador.info\/index.php?rest_route=%2Fwp%2Fv2%2Fcomments&post=162525"}],"version-history":[{"count":1,"href":"https:\/\/elluchador.info\/index.php?rest_route=\/wp\/v2\/posts\/162525\/revisions"}],"predecessor-version":[{"id":162527,"href":"https:\/\/elluchador.info\/index.php?rest_route=\/wp\/v2\/posts\/162525\/revisions\/162527"}],"wp:featuredmedia":[{"embeddable":true,"href":"https:\/\/elluchador.info\/index.php?rest_route=\/wp\/v2\/media\/162526"}],"wp:attachment":[{"href":"https:\/\/elluchador.info\/index.php?rest_route=%2Fwp%2Fv2%2Fmedia&parent=162525"}],"wp:term":[{"taxonomy":"category","embeddable":true,"href":"https:\/\/elluchador.info\/index.php?rest_route=%2Fwp%2Fv2%2Fcategories&post=162525"},{"taxonomy":"post_tag","embeddable":true,"href":"https:\/\/elluchador.info\/index.php?rest_route=%2Fwp%2Fv2%2Ftags&post=162525"}],"curies":[{"name":"wp","href":"https:\/\/api.w.org\/{rel}","templated":true}]}}