{"id":162528,"date":"2020-03-03T10:44:59","date_gmt":"2020-03-03T14:44:59","guid":{"rendered":"https:\/\/elluchador.info\/web\/?p=162528"},"modified":"2020-03-03T10:33:53","modified_gmt":"2020-03-03T14:33:53","slug":"venezuela-denunciara-a-duque-y-a-trump-en-la-corte-penal-internacional","status":"publish","type":"post","link":"https:\/\/elluchador.info\/?p=162528","title":{"rendered":"Venezuela denunciar\u00e1 a Duque y a Trump en la Corte Penal Internacional"},"content":{"rendered":"\n<p> La Rep\u00fablica Bolivariana de Venezuela denunciar\u00e1 a los presidentes de Colombia, Iv\u00e1n Duque; y Estados Unidos (EEUU), Donald Trump; ante la Corte Penal Internacional, por cr\u00edmenes de lesa humanidad y su responsabilidad en las medidas coercitivas impuestas contra la naci\u00f3n y que atenta contra la estabilidad de los venezolanos. <\/p>\n\n\n\n<p>\n\nAs\u00ed lo dio a conocer el ministro para Relaciones Exteriores, Jorge Arreaza; en su cuenta en la red social Twitter, en la que rechaz\u00f3 la injerencia cometida por ambos mandatarios.\n\n<\/p>\n\n\n\n<p>En este sentido, se\u00f1al\u00f3 que la desesperada visita de Duque a Trump este lunes, evidencia su incumplimiento con la \u00abdisminuci\u00f3n de cultivos ilegales\u00bb en la naci\u00f3n suramericana, considerada el mayor pa\u00eds productor de droga en el mundo.<\/p>\n\n\n\n<p>\u00abEl subpresidente Iv\u00e1n Duque en desesperada visita a Washington no halla como explicar por qu\u00e9 no cumple con la disminuci\u00f3n de cultivos ilegales, ruega por un tratado de libre comercio. Pide sanciones contra el pueblo venezolano y miente para ganar puntos con su \u00abPatrump\u00bb(Patr\u00f3n)\u00bb, recalc\u00f3.<\/p>\n\n\n\n<p>El pasado 13 de febrero, el gobierno de Venezuela denunci\u00f3 ante la CPI, las medidas coercitivas impuestas por EEUU contra la naci\u00f3n desde 2014, que ha generado p\u00e9rdidas millonarias al pa\u00eds, as\u00ed como la dificultad de acceder a insumos m\u00e9dicos y alimentos para atender las necesidades del pueblo venezolano. Rese\u00f1\u00f3 AVN.<\/p>\n\n\n\n<p><strong>\u00daltimas Noticias <\/strong><\/p>\n","protected":false},"excerpt":{"rendered":"<p>La Rep\u00fablica Bolivariana de Venezuela denunciar\u00e1 a los presidentes de Colombia, Iv\u00e1n Duque; y Estados Unidos (EEUU), Donald Trump; ante la Corte Penal Internacional, por cr\u00edmenes de lesa humanidad y su responsabilidad en las medidas coercitivas impuestas contra la naci\u00f3n y que atenta contra la estabilidad de los venezolanos. As\u00ed lo dio a conocer el [&hellip;]<\/p>\n","protected":false},"author":2,"featured_media":162529,"comment_status":"closed","ping_status":"closed","sticky":false,"template":"","format":"standard","meta":{"footnotes":""},"categories":[5,9],"tags":[],"class_list":{"0":"post-162528","1":"post","2":"type-post","3":"status-publish","4":"format-standard","5":"has-post-thumbnail","7":"category-destacado","8":"category-nacionales"},"_links":{"self":[{"href":"https:\/\/elluchador.info\/index.php?rest_route=\/wp\/v2\/posts\/162528","targetHints":{"allow":["GET"]}}],"collection":[{"href":"https:\/\/elluchador.info\/index.php?rest_route=\/wp\/v2\/posts"}],"about":[{"href":"https:\/\/elluchador.info\/index.php?rest_route=\/wp\/v2\/types\/post"}],"author":[{"embeddable":true,"href":"https:\/\/elluchador.info\/index.php?rest_route=\/wp\/v2\/users\/2"}],"replies":[{"embeddable":true,"href":"https:\/\/elluchador.info\/index.php?rest_route=%2Fwp%2Fv2%2Fcomments&post=162528"}],"version-history":[{"count":1,"href":"https:\/\/elluchador.info\/index.php?rest_route=\/wp\/v2\/posts\/162528\/revisions"}],"predecessor-version":[{"id":162530,"href":"https:\/\/elluchador.info\/index.php?rest_route=\/wp\/v2\/posts\/162528\/revisions\/162530"}],"wp:featuredmedia":[{"embeddable":true,"href":"https:\/\/elluchador.info\/index.php?rest_route=\/wp\/v2\/media\/162529"}],"wp:attachment":[{"href":"https:\/\/elluchador.info\/index.php?rest_route=%2Fwp%2Fv2%2Fmedia&parent=162528"}],"wp:term":[{"taxonomy":"category","embeddable":true,"href":"https:\/\/elluchador.info\/index.php?rest_route=%2Fwp%2Fv2%2Fcategories&post=162528"},{"taxonomy":"post_tag","embeddable":true,"href":"https:\/\/elluchador.info\/index.php?rest_route=%2Fwp%2Fv2%2Ftags&post=162528"}],"curies":[{"name":"wp","href":"https:\/\/api.w.org\/{rel}","templated":true}]}}