{"id":162658,"date":"2020-03-06T10:22:12","date_gmt":"2020-03-06T14:22:12","guid":{"rendered":"https:\/\/elluchador.info\/web\/?p=162658"},"modified":"2020-03-06T10:11:53","modified_gmt":"2020-03-06T14:11:53","slug":"peru-confirmo-primer-caso-de-coronavirus","status":"publish","type":"post","link":"https:\/\/elluchador.info\/?p=162658","title":{"rendered":"Per\u00fa confirm\u00f3 primer caso de coronavirus"},"content":{"rendered":"\n<p>El presidente de Per\u00fa, Mart\u00edn Vizcarra, anunci\u00f3 este viernes el primer caso de coronavirus en el pa\u00eds y asegur\u00f3 que el Estado no va a escatimar recursos para combatir la epidemia.<\/p>\n\n\n\n<p>Se trata de un hombre de 25 a\u00f1os, que se encuentra estable, y que viaj\u00f3 recientemente a Espa\u00f1a, Francia y Rep\u00fablica Checa.<\/p>\n\n\n\n<p>El mandatario hizo el anuncio desde Palacio de Gobierno en un pronunciamiento ante la prensa, acompa\u00f1ado por la ministra de Salud, Elizabeth Hinostroza.<\/p>\n\n\n\n<p><strong>Uni\u00f3n Radio<\/strong><\/p>\n","protected":false},"excerpt":{"rendered":"<p>El presidente de Per\u00fa, Mart\u00edn Vizcarra, anunci\u00f3 este viernes el primer caso de coronavirus en el pa\u00eds y asegur\u00f3 que el Estado no va a escatimar recursos para combatir la epidemia. Se trata de un hombre de 25 a\u00f1os, que se encuentra estable, y que viaj\u00f3 recientemente a Espa\u00f1a, Francia y Rep\u00fablica Checa. El mandatario [&hellip;]<\/p>\n","protected":false},"author":2,"featured_media":162659,"comment_status":"closed","ping_status":"closed","sticky":false,"template":"","format":"standard","meta":{"footnotes":""},"categories":[5,8],"tags":[],"class_list":{"0":"post-162658","1":"post","2":"type-post","3":"status-publish","4":"format-standard","5":"has-post-thumbnail","7":"category-destacado","8":"category-internacionales"},"_links":{"self":[{"href":"https:\/\/elluchador.info\/index.php?rest_route=\/wp\/v2\/posts\/162658","targetHints":{"allow":["GET"]}}],"collection":[{"href":"https:\/\/elluchador.info\/index.php?rest_route=\/wp\/v2\/posts"}],"about":[{"href":"https:\/\/elluchador.info\/index.php?rest_route=\/wp\/v2\/types\/post"}],"author":[{"embeddable":true,"href":"https:\/\/elluchador.info\/index.php?rest_route=\/wp\/v2\/users\/2"}],"replies":[{"embeddable":true,"href":"https:\/\/elluchador.info\/index.php?rest_route=%2Fwp%2Fv2%2Fcomments&post=162658"}],"version-history":[{"count":1,"href":"https:\/\/elluchador.info\/index.php?rest_route=\/wp\/v2\/posts\/162658\/revisions"}],"predecessor-version":[{"id":162660,"href":"https:\/\/elluchador.info\/index.php?rest_route=\/wp\/v2\/posts\/162658\/revisions\/162660"}],"wp:featuredmedia":[{"embeddable":true,"href":"https:\/\/elluchador.info\/index.php?rest_route=\/wp\/v2\/media\/162659"}],"wp:attachment":[{"href":"https:\/\/elluchador.info\/index.php?rest_route=%2Fwp%2Fv2%2Fmedia&parent=162658"}],"wp:term":[{"taxonomy":"category","embeddable":true,"href":"https:\/\/elluchador.info\/index.php?rest_route=%2Fwp%2Fv2%2Fcategories&post=162658"},{"taxonomy":"post_tag","embeddable":true,"href":"https:\/\/elluchador.info\/index.php?rest_route=%2Fwp%2Fv2%2Ftags&post=162658"}],"curies":[{"name":"wp","href":"https:\/\/api.w.org\/{rel}","templated":true}]}}