{"id":162708,"date":"2020-03-07T12:06:11","date_gmt":"2020-03-07T16:06:11","guid":{"rendered":"https:\/\/elluchador.info\/web\/?p=162708"},"modified":"2020-03-07T10:11:51","modified_gmt":"2020-03-07T14:11:51","slug":"celebran-el-dia-de-la-mujer-con-actividades-en-en-varias-regiones","status":"publish","type":"post","link":"https:\/\/elluchador.info\/?p=162708","title":{"rendered":"Celebran el D\u00eda de la Mujer con actividades en en varias regiones"},"content":{"rendered":"\n<p>Para conmemorar el D\u00eda Internacional de la Mujer distintas actividades se realizan desde cada una de las regiones del pa\u00eds.<br> En el estado Barinas se inici\u00f3 la programaci\u00f3n con una jornada de colocaci\u00f3n de 65 dispositivos intrauterinos, mejor conocidos como la T de cobre, operativo realizado por Fundaci\u00f3n para la Salud.<\/p>\n\n\n\n<p>Adem\u00e1s, se hizo entrega de bebidas nutritivas a mujeres embarazadas y lactantes, y f\u00e9minas emprendedoras hicieron una exposici\u00f3n. Para el d\u00eda domingo se har\u00e1 la caminata por el derecho a una vida libre de violencia.<\/p>\n\n\n\n<p>Trujillo celebr\u00f3 la semana de la Mujer con actividades educativas, abordajes sociales, entrega de medicamentos y obsequios a las f\u00e9minas m\u00e1s vulnerables recluidas en los hospitales.<\/p>\n\n\n\n<p>El domingo 8 de marzo, se desarrollar\u00e1 una jornada en el sector La Monta\u00f1ita del municipio Valera, para proteger a las mujeres vulnerables.<\/p>\n\n\n\n<p>La celebraci\u00f3n finalizar\u00e1 este lunes con una Expoventa en la sede del Instituto de la Mujer del estado Trujilo. Mientras que en el estado Monagas un grupo de emprendedores en Matur\u00edn llevar\u00e1n a cabo una actividad el pr\u00f3ximo jueves 12, en las instalaciones del hotel Luciano Jr. denominada Generaci\u00f3n de Igualdad. UN<\/p>\n\n\n\n<p><\/p>\n","protected":false},"excerpt":{"rendered":"<p>Para conmemorar el D\u00eda Internacional de la Mujer distintas actividades se realizan desde cada una de las regiones del pa\u00eds. En el estado Barinas se inici\u00f3 la programaci\u00f3n con una jornada de colocaci\u00f3n de 65 dispositivos intrauterinos, mejor conocidos como la T de cobre, operativo realizado por Fundaci\u00f3n para la Salud. Adem\u00e1s, se hizo entrega [&hellip;]<\/p>\n","protected":false},"author":2,"featured_media":162709,"comment_status":"closed","ping_status":"closed","sticky":false,"template":"","format":"standard","meta":{"footnotes":""},"categories":[9],"tags":[],"class_list":{"0":"post-162708","1":"post","2":"type-post","3":"status-publish","4":"format-standard","5":"has-post-thumbnail","7":"category-nacionales"},"_links":{"self":[{"href":"https:\/\/elluchador.info\/index.php?rest_route=\/wp\/v2\/posts\/162708","targetHints":{"allow":["GET"]}}],"collection":[{"href":"https:\/\/elluchador.info\/index.php?rest_route=\/wp\/v2\/posts"}],"about":[{"href":"https:\/\/elluchador.info\/index.php?rest_route=\/wp\/v2\/types\/post"}],"author":[{"embeddable":true,"href":"https:\/\/elluchador.info\/index.php?rest_route=\/wp\/v2\/users\/2"}],"replies":[{"embeddable":true,"href":"https:\/\/elluchador.info\/index.php?rest_route=%2Fwp%2Fv2%2Fcomments&post=162708"}],"version-history":[{"count":1,"href":"https:\/\/elluchador.info\/index.php?rest_route=\/wp\/v2\/posts\/162708\/revisions"}],"predecessor-version":[{"id":162710,"href":"https:\/\/elluchador.info\/index.php?rest_route=\/wp\/v2\/posts\/162708\/revisions\/162710"}],"wp:featuredmedia":[{"embeddable":true,"href":"https:\/\/elluchador.info\/index.php?rest_route=\/wp\/v2\/media\/162709"}],"wp:attachment":[{"href":"https:\/\/elluchador.info\/index.php?rest_route=%2Fwp%2Fv2%2Fmedia&parent=162708"}],"wp:term":[{"taxonomy":"category","embeddable":true,"href":"https:\/\/elluchador.info\/index.php?rest_route=%2Fwp%2Fv2%2Fcategories&post=162708"},{"taxonomy":"post_tag","embeddable":true,"href":"https:\/\/elluchador.info\/index.php?rest_route=%2Fwp%2Fv2%2Ftags&post=162708"}],"curies":[{"name":"wp","href":"https:\/\/api.w.org\/{rel}","templated":true}]}}