{"id":162734,"date":"2020-03-07T16:00:50","date_gmt":"2020-03-07T20:00:50","guid":{"rendered":"https:\/\/elluchador.info\/web\/?p=162734"},"modified":"2020-03-07T10:57:20","modified_gmt":"2020-03-07T14:57:20","slug":"gestion-yulisbeth-garcia-dignifica-a-la-mujer-piarense","status":"publish","type":"post","link":"https:\/\/elluchador.info\/?p=162734","title":{"rendered":"Gesti\u00f3n Yulisbeth Garc\u00eda dignifica  a la mujer piarense"},"content":{"rendered":"\n<p>La alcaldesa del\nmunicipio Piar, Yulisbeth Garc\u00eda, realz\u00f3 a las mujeres en su d\u00eda, sobre todo\naquellas f\u00e9minas valiosas que salen a trabajar diariamente para llevar el\nsustento a sus hogares, \u201ces importante los diferentes roles que desempe\u00f1amos\nlas mujeres, a fin de salir a delante y sobre todo, aquellas que tenemos\nresponsabilidades gubernamentales, aportando beneficios para el pueblo\u201d.<\/p>\n\n\n\n<p>La autoridad local\ncontinu\u00f3, que el Comandante Hugo Ch\u00e1vez Fr\u00edas, \u201cse identific\u00f3 un 100%\nfeminista, y hoy en d\u00eda las mujeres estamos agradecidas, porque asumimos\nimportantes actividades y responsabilidades, siendo reivindicadas, por esta\nraz\u00f3n podemos decir que somos protagonistas de hacer una patria, Venezuela,\nEstado y municipio nuevo, y en cada consejo comunal, espacio pol\u00edtico e\ninstituci\u00f3n, est\u00e1 una f\u00e9mina representando a la ama de casa y mujer luchadora\u201d.\n&nbsp;&nbsp;<\/p>\n\n\n\n<p>Resalt\u00f3, \u201csomos mujeres\nque trabajamos en la defensa de nuestro municipio, de la mano del presidente\nNicol\u00e1s maduro y gobernador Justo Noguera Pietri, dando respuestas oportunas y\nbeneficios, no s\u00f3lo a las instituciones p\u00fablicas, tambi\u00e9n a los piarenses,\nincansables y siempre con la ayuda de Dios, para que todo funcione como lo\nesperamos\u201d, dijo la alcaldesa de Piar.<\/p>\n\n\n\n<p><strong>Gesti\u00f3n\nde inclusi\u00f3n femenina<\/strong><\/p>\n\n\n\n<p>Cabe destacar que son 388 mujeres que laboran en diferentes instancias de la Alcald\u00eda de Piar, \u201cfelicito a las funcionarias p\u00fablicas y upatenses en su d\u00eda, incluyendo a las ciudadanas de las parroquias Andr\u00e9s Eloy Blanco de El Pao y Pedro Cova de El Manteco, orgullosas somos de ser mujeres\u201d. (Indira Zamora)<\/p>\n","protected":false},"excerpt":{"rendered":"<p>La alcaldesa del municipio Piar, Yulisbeth Garc\u00eda, realz\u00f3 a las mujeres en su d\u00eda, sobre todo aquellas f\u00e9minas valiosas que salen a trabajar diariamente para llevar el sustento a sus hogares, \u201ces importante los diferentes roles que desempe\u00f1amos las mujeres, a fin de salir a delante y sobre todo, aquellas que tenemos responsabilidades gubernamentales, aportando [&hellip;]<\/p>\n","protected":false},"author":2,"featured_media":162735,"comment_status":"closed","ping_status":"closed","sticky":false,"template":"","format":"standard","meta":{"footnotes":""},"categories":[12],"tags":[],"class_list":{"0":"post-162734","1":"post","2":"type-post","3":"status-publish","4":"format-standard","5":"has-post-thumbnail","7":"category-regionales"},"_links":{"self":[{"href":"https:\/\/elluchador.info\/index.php?rest_route=\/wp\/v2\/posts\/162734","targetHints":{"allow":["GET"]}}],"collection":[{"href":"https:\/\/elluchador.info\/index.php?rest_route=\/wp\/v2\/posts"}],"about":[{"href":"https:\/\/elluchador.info\/index.php?rest_route=\/wp\/v2\/types\/post"}],"author":[{"embeddable":true,"href":"https:\/\/elluchador.info\/index.php?rest_route=\/wp\/v2\/users\/2"}],"replies":[{"embeddable":true,"href":"https:\/\/elluchador.info\/index.php?rest_route=%2Fwp%2Fv2%2Fcomments&post=162734"}],"version-history":[{"count":1,"href":"https:\/\/elluchador.info\/index.php?rest_route=\/wp\/v2\/posts\/162734\/revisions"}],"predecessor-version":[{"id":162736,"href":"https:\/\/elluchador.info\/index.php?rest_route=\/wp\/v2\/posts\/162734\/revisions\/162736"}],"wp:featuredmedia":[{"embeddable":true,"href":"https:\/\/elluchador.info\/index.php?rest_route=\/wp\/v2\/media\/162735"}],"wp:attachment":[{"href":"https:\/\/elluchador.info\/index.php?rest_route=%2Fwp%2Fv2%2Fmedia&parent=162734"}],"wp:term":[{"taxonomy":"category","embeddable":true,"href":"https:\/\/elluchador.info\/index.php?rest_route=%2Fwp%2Fv2%2Fcategories&post=162734"},{"taxonomy":"post_tag","embeddable":true,"href":"https:\/\/elluchador.info\/index.php?rest_route=%2Fwp%2Fv2%2Ftags&post=162734"}],"curies":[{"name":"wp","href":"https:\/\/api.w.org\/{rel}","templated":true}]}}