{"id":162745,"date":"2020-03-07T18:00:45","date_gmt":"2020-03-07T22:00:45","guid":{"rendered":"https:\/\/elluchador.info\/web\/?p=162745"},"modified":"2020-03-07T12:27:48","modified_gmt":"2020-03-07T16:27:48","slug":"piden-prohibir-cancion-de-alejandro-fernandez-en-mexico","status":"publish","type":"post","link":"https:\/\/elluchador.info\/?p=162745","title":{"rendered":"Piden prohibir canci\u00f3n de Alejandro Fern\u00e1ndez en M\u00e9xico"},"content":{"rendered":"\n<p>A pocos d\u00edas del 9 de marzo, fecha en que se llevar\u00e1 a cabo \u201cUn D\u00eda Sin Mujeres\u201d, acto realizado para protestar contra la violencia de g\u00e9nero, m\u00faltiples figuras del medio del espect\u00e1culo se han manifestado a favor del movimiento, y fue en esta ocasi\u00f3n la primera actriz Ang\u00e9lica Arag\u00f3n, quien adem\u00e1s de estar de acuerdo con el suceso, aprovech\u00f3 la entrevista con la prensa para pedir que se proh\u00edba la popular canci\u00f3n de Alejandro Fern\u00e1ndez titulada \u201cM\u00e1talas\u201d, de acuerdo a la Agencia M\u00e9xico.<\/p>\n\n\n\n<p>\u201cEntra el mariachi y empiezan a cantar una canci\u00f3n \u2018M\u00e1tala\u2026\u2019 A besos\u2026 pero \u2018M\u00e1tala\u2026\u2019 Si la quieres \u2018M\u00e1tala\u2026\u2019, yo dije: \u2018Perd\u00f3n, tenemos que parar de cantar esa canci\u00f3n, y entonces claro, estaba el mariachi a todo lo que da y me dicen: \u2018\u00bfQu\u00e9 usted la va a cantar?\u2019 (yo respond\u00ed) \u2018No\u2026 no la va a cantar nadie\u2019 y me dicen: \u2018Pero es del Potrillo\u2026\u2019, y les dije \u2018\u00bfy qu\u00e9?\u2026 que sea de quien sea\u2019\u201d.<\/p>\n\n\n\n<p>\u201cM\u00e1talas\u201d, composici\u00f3n de Manuel Eduardo Toscan, es una forma de promover la violencia hacia las mujeres recalc\u00f3 la actriz. \u201cEse tipo de canciones por ejemplo no las debemos permitir y los compositores ya no las deber\u00edan de componer, etc\u00e9tera, etc\u00e9tera\u201d, agreg\u00f3 la artista.<\/p>\n\n\n\n<p>Ang\u00e9lica Arag\u00f3n ya pidi\u00f3 mediante las redes sociales que se proh\u00edba la canci\u00f3n \u201cM\u00e1talas\u201d y en lo portales de internet de los m\u00e1s importantes medios de comunicaci\u00f3n como El Imparcial.<\/p>\n\n\n\n<p>Arag\u00f3n, hija del famoso compositor Jos\u00e9 \u00c1ngel Espinoza \u201cFerrusquilla\u201d, asegur\u00f3 que nos hemos acostumbrado a las agresiones a la mujer, situaci\u00f3n que deber\u00eda evitarse.&nbsp;<\/p>\n\n\n\n<p>\u201cEst\u00e1 tan normativizada la violencia hacia las mujeres que ya a veces ni siquiera nos damos cuenta de lo que es ofensivo de lo que es reprobatorio, de lo que se habr\u00eda de evitar\u201d.<\/p>\n\n\n\n<p>El controvertido tema ha sido cuestionado desde hace meses a ra\u00edz del incremento de la violencia contra las mujeres; sin embargo, Alejandro Fern\u00e1ndez, a pesar de las cr\u00edticas, la mantuvo en su pasado concierto en el Auditorio Nacional y est\u00e1 incluida en su lista de canciones de su nueva gira \u201cHecho en M\u00e9xico\u201d. UN<\/p>\n","protected":false},"excerpt":{"rendered":"<p>A pocos d\u00edas del 9 de marzo, fecha en que se llevar\u00e1 a cabo \u201cUn D\u00eda Sin Mujeres\u201d, acto realizado para protestar contra la violencia de g\u00e9nero, m\u00faltiples figuras del medio del espect\u00e1culo se han manifestado a favor del movimiento, y fue en esta ocasi\u00f3n la primera actriz Ang\u00e9lica Arag\u00f3n, quien adem\u00e1s de estar de [&hellip;]<\/p>\n","protected":false},"author":2,"featured_media":162746,"comment_status":"closed","ping_status":"closed","sticky":false,"template":"","format":"standard","meta":{"footnotes":""},"categories":[7],"tags":[],"class_list":{"0":"post-162745","1":"post","2":"type-post","3":"status-publish","4":"format-standard","5":"has-post-thumbnail","7":"category-entretenimiento"},"_links":{"self":[{"href":"https:\/\/elluchador.info\/index.php?rest_route=\/wp\/v2\/posts\/162745","targetHints":{"allow":["GET"]}}],"collection":[{"href":"https:\/\/elluchador.info\/index.php?rest_route=\/wp\/v2\/posts"}],"about":[{"href":"https:\/\/elluchador.info\/index.php?rest_route=\/wp\/v2\/types\/post"}],"author":[{"embeddable":true,"href":"https:\/\/elluchador.info\/index.php?rest_route=\/wp\/v2\/users\/2"}],"replies":[{"embeddable":true,"href":"https:\/\/elluchador.info\/index.php?rest_route=%2Fwp%2Fv2%2Fcomments&post=162745"}],"version-history":[{"count":1,"href":"https:\/\/elluchador.info\/index.php?rest_route=\/wp\/v2\/posts\/162745\/revisions"}],"predecessor-version":[{"id":162747,"href":"https:\/\/elluchador.info\/index.php?rest_route=\/wp\/v2\/posts\/162745\/revisions\/162747"}],"wp:featuredmedia":[{"embeddable":true,"href":"https:\/\/elluchador.info\/index.php?rest_route=\/wp\/v2\/media\/162746"}],"wp:attachment":[{"href":"https:\/\/elluchador.info\/index.php?rest_route=%2Fwp%2Fv2%2Fmedia&parent=162745"}],"wp:term":[{"taxonomy":"category","embeddable":true,"href":"https:\/\/elluchador.info\/index.php?rest_route=%2Fwp%2Fv2%2Fcategories&post=162745"},{"taxonomy":"post_tag","embeddable":true,"href":"https:\/\/elluchador.info\/index.php?rest_route=%2Fwp%2Fv2%2Ftags&post=162745"}],"curies":[{"name":"wp","href":"https:\/\/api.w.org\/{rel}","templated":true}]}}