{"id":162804,"date":"2020-03-08T11:00:04","date_gmt":"2020-03-08T15:00:04","guid":{"rendered":"https:\/\/elluchador.info\/web\/?p=162804"},"modified":"2020-03-08T10:27:36","modified_gmt":"2020-03-08T14:27:36","slug":"presidente-maduro-expresa-su-reconocimiento-y-gratitud-a-la-mujer-venezolana-en-su-dia","status":"publish","type":"post","link":"https:\/\/elluchador.info\/?p=162804","title":{"rendered":"Presidente Maduro expresa su reconocimiento y gratitud a la mujer venezolana, en su d\u00eda"},"content":{"rendered":"\n<p>El Presidente de la&nbsp;<strong>Rep\u00fablica Bolivariana de Venezuela, Nicol\u00e1s Maduro Moros,<\/strong>&nbsp;expres\u00f3 este domingo su reconocimiento y gratitud a la mujer venezolana a prop\u00f3sito de celebrarse el D\u00eda Internacional de las f\u00e9minas.<\/p>\n\n\n\n<p>El Jefe de Estado tambi\u00e9n se declar\u00f3 profundamente feminista reiterando el compromiso de la Revoluci\u00f3n Bolivariana por garantizar a la mujer venezolana un vida plena, una vida libre de todo tipo de violencia de g\u00e9nero,&nbsp;<\/p>\n\n\n\n<p><em><strong>\u00abDesde mi coraz\u00f3n profundamente feminista, expreso mi reconocimiento y gratitud a la mujer venezolana, en su d\u00eda. Les reitero el compromiso de la Revoluci\u00f3n por garantizarles una vida plena, libre de todas las formas de violencia de g\u00e9nero. \u00a1Todo mi amor para ustedes mujeres!<\/strong><\/em>\u00ab, escribi\u00f3 el Mandatario a trav\u00e9s de Twitter.<\/p>\n\n\n\n<p>Este 8 de marzo se conmemora el&nbsp;<strong>D\u00eda Internacional de la Mujer<\/strong>&nbsp;en honor a la lucha que emprendieron un grupo de trabajadoras textiles en 1857, en Nueva York quienes apoyadas por su sindicato, decidieron tenazmente ocupar la f\u00e1brica textil en donde laboraban, para exigir igualdad de salarios y una jornada de trabajo de 10 horas.<\/p>\n\n\n\n<p>Lamentablemente la gesta emprendida por este movimiento termin\u00f3 con un incendio en el que murieron 146 costureras y otras m\u00e1s resultaron heridas.En su recuerdo, en 1910, durante la<strong>\u00a0Segunda Conferencia Internacional de Mujeres Trabajadoras\u00a0<\/strong>celebrada en\u00a0<strong>Copenhague (Dinamarca)\u00a0<\/strong>m\u00e1s de 100 mujeres aprobaron declarar el 8 de marzo como\u00a0<strong>D\u00eda Internacional de la Mujer Trabajadora<\/strong>. YVKE Mundial<\/p>\n","protected":false},"excerpt":{"rendered":"<p>El Presidente de la&nbsp;Rep\u00fablica Bolivariana de Venezuela, Nicol\u00e1s Maduro Moros,&nbsp;expres\u00f3 este domingo su reconocimiento y gratitud a la mujer venezolana a prop\u00f3sito de celebrarse el D\u00eda Internacional de las f\u00e9minas. El Jefe de Estado tambi\u00e9n se declar\u00f3 profundamente feminista reiterando el compromiso de la Revoluci\u00f3n Bolivariana por garantizar a la mujer venezolana un vida plena, [&hellip;]<\/p>\n","protected":false},"author":2,"featured_media":162805,"comment_status":"closed","ping_status":"closed","sticky":false,"template":"","format":"standard","meta":{"footnotes":""},"categories":[9],"tags":[],"class_list":{"0":"post-162804","1":"post","2":"type-post","3":"status-publish","4":"format-standard","5":"has-post-thumbnail","7":"category-nacionales"},"_links":{"self":[{"href":"https:\/\/elluchador.info\/index.php?rest_route=\/wp\/v2\/posts\/162804","targetHints":{"allow":["GET"]}}],"collection":[{"href":"https:\/\/elluchador.info\/index.php?rest_route=\/wp\/v2\/posts"}],"about":[{"href":"https:\/\/elluchador.info\/index.php?rest_route=\/wp\/v2\/types\/post"}],"author":[{"embeddable":true,"href":"https:\/\/elluchador.info\/index.php?rest_route=\/wp\/v2\/users\/2"}],"replies":[{"embeddable":true,"href":"https:\/\/elluchador.info\/index.php?rest_route=%2Fwp%2Fv2%2Fcomments&post=162804"}],"version-history":[{"count":1,"href":"https:\/\/elluchador.info\/index.php?rest_route=\/wp\/v2\/posts\/162804\/revisions"}],"predecessor-version":[{"id":162806,"href":"https:\/\/elluchador.info\/index.php?rest_route=\/wp\/v2\/posts\/162804\/revisions\/162806"}],"wp:featuredmedia":[{"embeddable":true,"href":"https:\/\/elluchador.info\/index.php?rest_route=\/wp\/v2\/media\/162805"}],"wp:attachment":[{"href":"https:\/\/elluchador.info\/index.php?rest_route=%2Fwp%2Fv2%2Fmedia&parent=162804"}],"wp:term":[{"taxonomy":"category","embeddable":true,"href":"https:\/\/elluchador.info\/index.php?rest_route=%2Fwp%2Fv2%2Fcategories&post=162804"},{"taxonomy":"post_tag","embeddable":true,"href":"https:\/\/elluchador.info\/index.php?rest_route=%2Fwp%2Fv2%2Ftags&post=162804"}],"curies":[{"name":"wp","href":"https:\/\/api.w.org\/{rel}","templated":true}]}}