{"id":162867,"date":"2020-03-08T20:00:10","date_gmt":"2020-03-09T00:00:10","guid":{"rendered":"https:\/\/elluchador.info\/web\/?p=162867"},"modified":"2020-03-08T13:39:01","modified_gmt":"2020-03-08T17:39:01","slug":"mujeres-de-brasil-marcharon-en-contra-del-racismo","status":"publish","type":"post","link":"https:\/\/elluchador.info\/?p=162867","title":{"rendered":"Mujeres de Brasil marcharon en contra del racismo"},"content":{"rendered":"\n<p>M\u00e1s de tres mil mujeres que participan en el Encuentro\nNacional de Mujeres Sin Tierra, marcharon este domingo en el Distrito Federal\nde Brasil, para expresar su rechazo contra anti valores como el racismo,\nmachismo, la violencia en todas sus expresiones y la opresi\u00f3n contra la clase\nobrera, a prop\u00f3sito de la celebraci\u00f3n del D\u00eda Internacional de la Mujer.<\/p>\n\n\n\n<p>La concentraci\u00f3n inici\u00f3 en el Parque de la Ciudad y se\ndirigi\u00f3 hacia el Palacio de Buriti, sede del Gobierno del Distrito Federal, para\nculminar en la Fundaci\u00f3n Nacional de las Artes (Funarte).<\/p>\n\n\n\n<p>\u00abEstamos en defensa de los avances en los derechos ganados\npor la clase obrera que han sido retirados. Lucharemos contra la violencia y el\nrecorte de fondos promovido por el gobierno de (Jair) Bolsonaro a los programas\nsociales, que debilitan y ponen en riesgo la vida de los m\u00e1s pobres\u00bb,\nexpresaron las mujeres en el texto de la convocatoria.<\/p>\n\n\n\n<p>En el documento precisan que la marcha tiene como objetivo\nluchar contra toda forma de violencia, por el derecho a la diversidad, a la\nautonom\u00eda, a la libertad, al derecho y a la soberan\u00eda de sus cuerpos y por el\nderecho a existir, rese\u00f1a Prensa Latina. UN<\/p>\n","protected":false},"excerpt":{"rendered":"<p>M\u00e1s de tres mil mujeres que participan en el Encuentro Nacional de Mujeres Sin Tierra, marcharon este domingo en el Distrito Federal de Brasil, para expresar su rechazo contra anti valores como el racismo, machismo, la violencia en todas sus expresiones y la opresi\u00f3n contra la clase obrera, a prop\u00f3sito de la celebraci\u00f3n del D\u00eda [&hellip;]<\/p>\n","protected":false},"author":2,"featured_media":162868,"comment_status":"closed","ping_status":"closed","sticky":false,"template":"","format":"standard","meta":{"footnotes":""},"categories":[8],"tags":[],"class_list":{"0":"post-162867","1":"post","2":"type-post","3":"status-publish","4":"format-standard","5":"has-post-thumbnail","7":"category-internacionales"},"_links":{"self":[{"href":"https:\/\/elluchador.info\/index.php?rest_route=\/wp\/v2\/posts\/162867","targetHints":{"allow":["GET"]}}],"collection":[{"href":"https:\/\/elluchador.info\/index.php?rest_route=\/wp\/v2\/posts"}],"about":[{"href":"https:\/\/elluchador.info\/index.php?rest_route=\/wp\/v2\/types\/post"}],"author":[{"embeddable":true,"href":"https:\/\/elluchador.info\/index.php?rest_route=\/wp\/v2\/users\/2"}],"replies":[{"embeddable":true,"href":"https:\/\/elluchador.info\/index.php?rest_route=%2Fwp%2Fv2%2Fcomments&post=162867"}],"version-history":[{"count":1,"href":"https:\/\/elluchador.info\/index.php?rest_route=\/wp\/v2\/posts\/162867\/revisions"}],"predecessor-version":[{"id":162869,"href":"https:\/\/elluchador.info\/index.php?rest_route=\/wp\/v2\/posts\/162867\/revisions\/162869"}],"wp:featuredmedia":[{"embeddable":true,"href":"https:\/\/elluchador.info\/index.php?rest_route=\/wp\/v2\/media\/162868"}],"wp:attachment":[{"href":"https:\/\/elluchador.info\/index.php?rest_route=%2Fwp%2Fv2%2Fmedia&parent=162867"}],"wp:term":[{"taxonomy":"category","embeddable":true,"href":"https:\/\/elluchador.info\/index.php?rest_route=%2Fwp%2Fv2%2Fcategories&post=162867"},{"taxonomy":"post_tag","embeddable":true,"href":"https:\/\/elluchador.info\/index.php?rest_route=%2Fwp%2Fv2%2Ftags&post=162867"}],"curies":[{"name":"wp","href":"https:\/\/api.w.org\/{rel}","templated":true}]}}