{"id":162898,"date":"2020-03-09T10:04:40","date_gmt":"2020-03-09T14:04:40","guid":{"rendered":"https:\/\/elluchador.info\/web\/?p=162898"},"modified":"2020-03-09T09:53:23","modified_gmt":"2020-03-09T13:53:23","slug":"mp-designara-dos-fiscales-para-investigar-incendio-en-galpon-del-cne","status":"publish","type":"post","link":"https:\/\/elluchador.info\/?p=162898","title":{"rendered":"MP designar\u00e1 dos fiscales para investigar incendio en galp\u00f3n del CNE"},"content":{"rendered":"\n<p><strong>Caracas.-&nbsp;<\/strong>El Ministerio P\u00fablico (MP) designar\u00e1 a dos fiscales nacionales para investigar el incendio registrado este s\u00e1bado en los dep\u00f3sitos del Poder Electoral, ubicado en Filas de Mariche, estado Miranda.&nbsp;<br>As\u00ed lo indic\u00f3 este domingo, la presidenta del Consejo Nacional Electoral (CNE) Tibisay Lucena, en una rueda de prensa transmitida por Venezolana de Televisi\u00f3n (VTV), seg\u00fan rese\u00f1\u00f3 AVN.<\/p>\n\n\n\n<p>Lucena afirm\u00f3 que el ente comicial maneja diversas hip\u00f3tesis sobre el incendio en el que se quemaron m\u00e1s de 500 computadoras, 49.000 m\u00e1quinas de votaci\u00f3n y parte gran parte de la infraestructura del galp\u00f3n, sin embargo; esperar\u00e1n que los \u00f3rganos competentes realicen las pesquisas y determine las causas del hecho.<\/p>\n\n\n\n<p>\u00abEl Fiscal General (Tarek William Saab) enviar\u00e1 ma\u00f1ana a dos fiscales nacionales para que se dediquen a la investigaci\u00f3n. Existen diferentes hip\u00f3tesis, ninguna est\u00e1 descartada. Dejaremos que los \u00f3rganos terminen las investigaciones y sean ellos que se pronuncien para poder determinar las causas del fuego y las causas de la propagaci\u00f3n tan violenta\u00bb, indic\u00f3 en rueda de prensa desde las instalaciones del CNE.<\/p>\n\n\n\n<p>La presidenta del ente rector se\u00f1al\u00f3 que en menos de media hora el fuego se torn\u00f3 \u00abvoraz\u00bb y consumi\u00f3 parte del lugar de forma r\u00e1pida a pesar que los funcionarios del CNE atendieron el llamado de \u00abalerta de incendio\u00bb.<\/p>\n\n\n\n<p>\u00abEl Poder Electoral quiere saber la verdad \u00bfQu\u00e9 fue lo que pas\u00f3 all\u00ed, cu\u00e1l fue el origen del fuego y por qu\u00e9 se propag\u00f3 tan r\u00e1pido?, dejaremos que sean los informes los que determinen las causas del fuego\u00bb, enfatiz\u00f3.<\/p>\n\n\n\n<p>De igual forma, agreg\u00f3 que mantienen conversaciones con el Ministro del Poder Popular para las Relaciones Interiores, Justicia y Paz, N\u00e9stor Reverol, el Cuerpo de Investigaciones Penales, Cient\u00edficas y Criminal\u00edsticas (CICPC), as\u00ed como el Cuerpo de Bomberos y otros entes del Estado; con el fin de determinar las causas del incendio.<\/p>\n\n\n\n<p>Incendio en galp\u00f3n del CNE en Mariche afect\u00f3 solo dos de los procesos del sistema electoral<br><br>Lucena, se\u00f1al\u00f3 adem\u00e1s que el incendio afect\u00f3 solo dos de los procesos del sistema electoral venezolano, e inform\u00f3 de los da\u00f1os que dejaron fuera de servicio unas\u00a0582 computadoras pertenecientes al Registro Civil, m\u00e1s de 49.000 m\u00e1quinas de votaci\u00f3n y 400 boletas electr\u00f3nicas.<br>\u00abSolo afectaron dos de sus procesos el proceso de inventario y el proceso de producci\u00f3n de maquinas. El sistema electoral venezolano est\u00e1 lejos de ser destruido, tenemos capacidad, el conocimiento jur\u00eddico, tecnol\u00f3gico operativo y log\u00edstico as\u00ed como la experiencia de 17 a\u00f1os acumulados y del recurso m\u00e1s valioso, que es el talento humano\u00bb, explic\u00f3<\/p>\n\n\n\n<p>En este sentido, detall\u00f3 que fueron rescatadas 105.000 memorias de m\u00e1quinas de votaci\u00f3n, 562 m\u00e1quinas de votaci\u00f3n y 724 captahuellas, entre otros equipos.&nbsp;<\/p>\n\n\n\n<p>\u00abHa sido un trabajo profesional, serio y contin\u00faan all\u00ed porque a\u00fan tenemos peque\u00f1os focos de fuegos. Lo que se salv\u00f3 es gracias a esos hombres que enfrentaron el fuego. Fue poco lo que pudo rescatar\u00bb, finaliz\u00f3. <\/p>\n\n\n\n<p> El  Universal<\/p>\n","protected":false},"excerpt":{"rendered":"<p>Caracas.-&nbsp;El Ministerio P\u00fablico (MP) designar\u00e1 a dos fiscales nacionales para investigar el incendio registrado este s\u00e1bado en los dep\u00f3sitos del Poder Electoral, ubicado en Filas de Mariche, estado Miranda.&nbsp;As\u00ed lo indic\u00f3 este domingo, la presidenta del Consejo Nacional Electoral (CNE) Tibisay Lucena, en una rueda de prensa transmitida por Venezolana de Televisi\u00f3n (VTV), seg\u00fan rese\u00f1\u00f3 [&hellip;]<\/p>\n","protected":false},"author":2,"featured_media":162899,"comment_status":"closed","ping_status":"closed","sticky":false,"template":"","format":"standard","meta":{"footnotes":""},"categories":[5,9,13],"tags":[],"class_list":{"0":"post-162898","1":"post","2":"type-post","3":"status-publish","4":"format-standard","5":"has-post-thumbnail","7":"category-destacado","8":"category-nacionales","9":"category-sucesos"},"_links":{"self":[{"href":"https:\/\/elluchador.info\/index.php?rest_route=\/wp\/v2\/posts\/162898","targetHints":{"allow":["GET"]}}],"collection":[{"href":"https:\/\/elluchador.info\/index.php?rest_route=\/wp\/v2\/posts"}],"about":[{"href":"https:\/\/elluchador.info\/index.php?rest_route=\/wp\/v2\/types\/post"}],"author":[{"embeddable":true,"href":"https:\/\/elluchador.info\/index.php?rest_route=\/wp\/v2\/users\/2"}],"replies":[{"embeddable":true,"href":"https:\/\/elluchador.info\/index.php?rest_route=%2Fwp%2Fv2%2Fcomments&post=162898"}],"version-history":[{"count":1,"href":"https:\/\/elluchador.info\/index.php?rest_route=\/wp\/v2\/posts\/162898\/revisions"}],"predecessor-version":[{"id":162900,"href":"https:\/\/elluchador.info\/index.php?rest_route=\/wp\/v2\/posts\/162898\/revisions\/162900"}],"wp:featuredmedia":[{"embeddable":true,"href":"https:\/\/elluchador.info\/index.php?rest_route=\/wp\/v2\/media\/162899"}],"wp:attachment":[{"href":"https:\/\/elluchador.info\/index.php?rest_route=%2Fwp%2Fv2%2Fmedia&parent=162898"}],"wp:term":[{"taxonomy":"category","embeddable":true,"href":"https:\/\/elluchador.info\/index.php?rest_route=%2Fwp%2Fv2%2Fcategories&post=162898"},{"taxonomy":"post_tag","embeddable":true,"href":"https:\/\/elluchador.info\/index.php?rest_route=%2Fwp%2Fv2%2Ftags&post=162898"}],"curies":[{"name":"wp","href":"https:\/\/api.w.org\/{rel}","templated":true}]}}