{"id":162901,"date":"2020-03-09T10:06:04","date_gmt":"2020-03-09T14:06:04","guid":{"rendered":"https:\/\/elluchador.info\/web\/?p=162901"},"modified":"2020-03-09T10:00:08","modified_gmt":"2020-03-09T14:00:08","slug":"colombia-confirma-dos-nuevos-casos-de-coronavirus","status":"publish","type":"post","link":"https:\/\/elluchador.info\/?p=162901","title":{"rendered":"Colombia confirma dos nuevos casos de coronavirus"},"content":{"rendered":"\n<p>El Ministerio de Salud de Colombia confirm\u00f3 este lunes dos nuevos casos de coronavirus en el pa\u00eds, en viajeros que llegaron de Espa\u00f1a, con lo cual son ya tres las personas infectadas por el Covid-19.<br><br>Los pacientes son un hombre de 34 a\u00f1os oriundo de la ciudad de Buga, en el departamento del Valle del Cauca (suroeste), y una mujer de 50 que dio positivo en Medell\u00edn, capital del departamento de Antioquia (noroeste).<br><br>\u00abAmbos pacientes, procedentes de Espa\u00f1a, presentaron s\u00edntomas y acudieron a los servicios de salud donde se les tomaron las muestras para los an\u00e1lisis respectivos, los cuales, confirmados por el Instituto Nacional de Salud, dieron resultados positivos\u00bb,\u00a0manifest\u00f3 el Ministerio de Salud en un comunicado.<br><br>En los dos casos, se orden\u00f3 el \u00abaislamiento preventivo en sus casas tras el estudio de su condici\u00f3n m\u00e9dica, la cual es estable\u00bb.<\/p>\n\n\n\n<p><br>Igualmente se dispuso el \u00abcerco epidemiol\u00f3gico ubicando a las personas que tuvieron contacto cercano con cada uno\u00bb, agreg\u00f3 la informaci\u00f3n.<\/p>\n\n\n\n<p><strong>Los casos<\/strong><\/p>\n\n\n\n<p>El primer caso de coronavirus en Colombia fue confirmado el pasado viernes en una joven de 19 a\u00f1os que lleg\u00f3 a Bogot\u00e1 el 26 de febrero procedente de Mil\u00e1n (Italia).<br><br>Tras la confirmaci\u00f3n de ese primer caso, el Gobierno pidi\u00f3 a las autoridades regionales y locales activar un plan de contingencia \u00abpara enfrentar este reto en salud\u00bb mundial.<br><br>El presidente colombiano, Iv\u00e1n Duque, dijo anoche en una alocuci\u00f3n al pa\u00eds que el Gobierno responder\u00e1 \u00abintegralmente\u00bb al desaf\u00edo que supone la llegada a pa\u00eds del Covid-19.<\/p>\n\n\n\n<blockquote class=\"wp-block-quote is-layout-flow wp-block-quote-is-layout-flow\"><p><br>\u00abEsta es una situaci\u00f3n para la que nos hemos preparado. Tenemos la experiencia y destinaremos todos los esfuerzos y todos los recursos necesarios para que como pa\u00eds respondamos integralmente a este desaf\u00edo\u00bb, dijo el jefe de Estado.<br>&nbsp;<\/p><\/blockquote>\n\n\n\n<p>El s\u00e1bado, Duque anunci\u00f3 la creaci\u00f3n de la aplicaci\u00f3n m\u00f3vil CoronApp, que funcionar\u00e1 en los tel\u00e9fonos m\u00f3viles para centralizar y dar informaci\u00f3n sobre el coronavirus.&nbsp;<\/p>\n","protected":false},"excerpt":{"rendered":"<p>El Ministerio de Salud de Colombia confirm\u00f3 este lunes dos nuevos casos de coronavirus en el pa\u00eds, en viajeros que llegaron de Espa\u00f1a, con lo cual son ya tres las personas infectadas por el Covid-19. Los pacientes son un hombre de 34 a\u00f1os oriundo de la ciudad de Buga, en el departamento del Valle del [&hellip;]<\/p>\n","protected":false},"author":2,"featured_media":162902,"comment_status":"closed","ping_status":"closed","sticky":false,"template":"","format":"standard","meta":{"footnotes":""},"categories":[5,8],"tags":[],"class_list":{"0":"post-162901","1":"post","2":"type-post","3":"status-publish","4":"format-standard","5":"has-post-thumbnail","7":"category-destacado","8":"category-internacionales"},"_links":{"self":[{"href":"https:\/\/elluchador.info\/index.php?rest_route=\/wp\/v2\/posts\/162901","targetHints":{"allow":["GET"]}}],"collection":[{"href":"https:\/\/elluchador.info\/index.php?rest_route=\/wp\/v2\/posts"}],"about":[{"href":"https:\/\/elluchador.info\/index.php?rest_route=\/wp\/v2\/types\/post"}],"author":[{"embeddable":true,"href":"https:\/\/elluchador.info\/index.php?rest_route=\/wp\/v2\/users\/2"}],"replies":[{"embeddable":true,"href":"https:\/\/elluchador.info\/index.php?rest_route=%2Fwp%2Fv2%2Fcomments&post=162901"}],"version-history":[{"count":1,"href":"https:\/\/elluchador.info\/index.php?rest_route=\/wp\/v2\/posts\/162901\/revisions"}],"predecessor-version":[{"id":162903,"href":"https:\/\/elluchador.info\/index.php?rest_route=\/wp\/v2\/posts\/162901\/revisions\/162903"}],"wp:featuredmedia":[{"embeddable":true,"href":"https:\/\/elluchador.info\/index.php?rest_route=\/wp\/v2\/media\/162902"}],"wp:attachment":[{"href":"https:\/\/elluchador.info\/index.php?rest_route=%2Fwp%2Fv2%2Fmedia&parent=162901"}],"wp:term":[{"taxonomy":"category","embeddable":true,"href":"https:\/\/elluchador.info\/index.php?rest_route=%2Fwp%2Fv2%2Fcategories&post=162901"},{"taxonomy":"post_tag","embeddable":true,"href":"https:\/\/elluchador.info\/index.php?rest_route=%2Fwp%2Fv2%2Ftags&post=162901"}],"curies":[{"name":"wp","href":"https:\/\/api.w.org\/{rel}","templated":true}]}}