{"id":162904,"date":"2020-03-09T10:17:14","date_gmt":"2020-03-09T14:17:14","guid":{"rendered":"https:\/\/elluchador.info\/web\/?p=162904"},"modified":"2020-03-09T10:06:56","modified_gmt":"2020-03-09T14:06:56","slug":"dudamel-y-residente-se-funden-en-los-angeles-en-una-noche-para-el-recuerdo","status":"publish","type":"post","link":"https:\/\/elluchador.info\/?p=162904","title":{"rendered":"Dudamel y Residente se funden en Los \u00c1ngeles en una noche para el recuerdo"},"content":{"rendered":"\n<p>\n\nUna figura de la m\u00fasica cl\u00e1sica como Gustavo Dudamel y una estrella del g\u00e9nero urbano como Residente fundieron este s\u00e1bado 7 de marzo su arte en Los \u00c1ngeles en una noche para el recuerdo en la que la Filarm\u00f3nica de la ciudad californiana (LA Phil) reimagin\u00f3 las vibrantes rimas del excantante de Calle 13.<\/p>\n\n\n\n<p>\u00abEstoy honrad\u00edsimo: para m\u00ed es un honor trabajar con Ren\u00e9. Es un genio, es un poeta\u00bb, afirm\u00f3 hoy a Efe el maestro venezolano a pocos minutos de subir al escenario con el puertorrique\u00f1o.<\/p>\n\n\n\n<p>\u00abRen\u00e9, en su l\u00edrica y en su poes\u00eda, tiene un mensaje muy profundo, un mensaje social y humano muy poderoso. Y siento que, de alguna manera, realzarlo a trav\u00e9s del sonido sinf\u00f3nico y darle a la belleza que ya est\u00e1 escrita un color y un tono especial lo hace muy interesante\u00bb, a\u00f1adi\u00f3.<\/p>\n\n\n\n<p>El Walt Disney Concert Hall de Los \u00c1ngeles acogi\u00f3 este atrevido y triunfal encuentro entre lo cl\u00e1sico y lo callejero que formaba parte de \u00abPower to the People\u00bb, un festival de LA Phil que homenajea la contribuci\u00f3n de la m\u00fasica al progreso social y que cuenta en su programa con artistas como Patti Smith o Herbie Hancock.<\/p>\n\n\n\n<p>Pero hoy era el turno de Residente, una de las grandes voces latinoamericanas del siglo XXI.<\/p>\n\n\n\n<p>Con camiseta de tirantes, gorra y pantal\u00f3n rapero, Ren\u00e9 P\u00e9rez salt\u00f3 a un Disney Hall con entradas agotadas y abarrotado de p\u00fablico hispano para demostrar que sus letras reivindicativas y festivas tambi\u00e9n pueden triunfar con una orquesta como respaldo.<\/p>\n\n\n\n<p>Si hab\u00eda dudas de c\u00f3mo podr\u00eda adaptarse la Filarm\u00f3nica de Los \u00c1ngeles al descaro y el nervio de Residente, quedaron disipadas muy pronto con una \u00abEl aguante\u00bb que son\u00f3 tensa, desbordante e imparable.<\/p>\n\n\n\n<p>\u00abEl proceso ha sido muy natural\u00bb, coment\u00f3 Dudamel a Efe sobre este reto de la Filarm\u00f3nica.<\/p>\n\n\n\n<p>\u00abDentro de su estilo, Ren\u00e9 usa muchas melod\u00edas y armon\u00edas que funcionan muy bien, y evidentemente el ritmo. Pero creo que se ha logrado un hermoso balance sinf\u00f3nico. Y se siente. F\u00edjate, el espa\u00f1ol no es el idioma de la orquesta, pero se sienten conectados porque la misma l\u00edrica, la misma poes\u00eda, te lleva, te da como un fraseo de lo que puedas estar tocando\u00bb, asegur\u00f3.<\/p>\n\n\n\n<p>Adem\u00e1s de la evidente complicidad entre el director de orquesta y el rapero, tambi\u00e9n hubo momentos simp\u00e1ticos que reflejaron lo singular de esta colaboraci\u00f3n musical.<\/p>\n\n\n\n<p>\u00ab\u00bfPuedo hablar entre las canciones?\u00bb, pregunt\u00f3 con cautela Residente a un sonriente Dudamel.<\/p>\n\n\n\n<p>La timidez no le dur\u00f3 nada y la reivindicaci\u00f3n de clase de \u00abBaile de los pobres\u00bb, con unos sinuosos arreglos de la Filarm\u00f3nica, alcanz\u00f3 un significado especial al escucharse en uno de los auditorios m\u00e1s exclusivos del mundo.<\/p>\n\n\n\n<p>LA Phil, con un Dudamel en segundo plano cediendo el protagonismo a su invitado, presumi\u00f3 de versatilidad con el lamento emotivo de \u00abDesencuentro\u00bb, el arrebato pacifista de \u00abGuerra\u00bb o el ritmo irresistible y boricua de \u00abLa Perla\u00bb.<\/p>\n\n\n\n<p>Con un alma tan rebelde como la de Residente, el grito descolonizador y panamericano de \u00abLatinoam\u00e9rica\u00bb llen\u00f3 de orgullo latino un Disney Hall que incluso se aventur\u00f3 a probar como ser\u00eda el perreo sinf\u00f3nico en \u00abBellacoso\u00bb.<\/p>\n\n\n\n<p>\u00abNo me la s\u00e9 muy bien, pero voy a intentar cantarla\u00bb, admiti\u00f3 Residente ante uno de los momentos m\u00e1s impactantes de la velada.<\/p>\n\n\n\n<p>El cantante present\u00f3 la semana pasada \u00abRen\u00e9\u00bb, un conmovedor tema autobiogr\u00e1fico de casi ocho minutos sobre la depresi\u00f3n, la salud mental y la presi\u00f3n social, y hoy la llev\u00f3 al directo con una impresionante interpretaci\u00f3n que encogi\u00f3 el coraz\u00f3n de los espectadores.<\/p>\n\n\n\n<p>\u00abHa sido un honor colaborar con estos incre\u00edbles m\u00fasicos\u00bb, cerr\u00f3 Residente con todo el p\u00fablico de pie por una arrolladora \u00abAtr\u00e9vete-te-te\u00bb que confirm\u00f3 lo que Dudamel hab\u00eda adelantado a Efe horas antes: que este concierto servir\u00eda tambi\u00e9n para construir y crear \u00abnuevas audiencias\u00bb.<\/p>\n\n\n\n<p>\u00abEs muy importante crear esos v\u00ednculos a trav\u00e9s de los cuales nos conectemos cada vez m\u00e1s, nos entendamos y veamos pues que la m\u00fasica es una\u00bb, dijo Dudamel, que en abril ir\u00e1 de gira a Espa\u00f1a.<\/p>\n\n\n\n<p>\u00ab\u00bfHay distintos estilos? S\u00ed, es verdad. Pero todos los estilos est\u00e1n entrelazados por la misma m\u00fasica, por la misma dimensi\u00f3n, por la misma belleza de lo que significa la m\u00fasica. Por eso lo veo como algo importante y necesario: que esas interacciones, que podr\u00edan ser vistas como algo imposible o una utop\u00eda, verdaderamente son reales, como lo que est\u00e1 sucediendo con Ren\u00e9 aqu\u00ed\u00bb, finaliz\u00f3.\n\n<\/p>\n","protected":false},"excerpt":{"rendered":"<p>Una figura de la m\u00fasica cl\u00e1sica como Gustavo Dudamel y una estrella del g\u00e9nero urbano como Residente fundieron este s\u00e1bado 7 de marzo su arte en Los \u00c1ngeles en una noche para el recuerdo en la que la Filarm\u00f3nica de la ciudad californiana (LA Phil) reimagin\u00f3 las vibrantes rimas del excantante de Calle 13. \u00abEstoy [&hellip;]<\/p>\n","protected":false},"author":2,"featured_media":162905,"comment_status":"closed","ping_status":"closed","sticky":false,"template":"","format":"standard","meta":{"footnotes":""},"categories":[7],"tags":[],"class_list":{"0":"post-162904","1":"post","2":"type-post","3":"status-publish","4":"format-standard","5":"has-post-thumbnail","7":"category-entretenimiento"},"_links":{"self":[{"href":"https:\/\/elluchador.info\/index.php?rest_route=\/wp\/v2\/posts\/162904","targetHints":{"allow":["GET"]}}],"collection":[{"href":"https:\/\/elluchador.info\/index.php?rest_route=\/wp\/v2\/posts"}],"about":[{"href":"https:\/\/elluchador.info\/index.php?rest_route=\/wp\/v2\/types\/post"}],"author":[{"embeddable":true,"href":"https:\/\/elluchador.info\/index.php?rest_route=\/wp\/v2\/users\/2"}],"replies":[{"embeddable":true,"href":"https:\/\/elluchador.info\/index.php?rest_route=%2Fwp%2Fv2%2Fcomments&post=162904"}],"version-history":[{"count":1,"href":"https:\/\/elluchador.info\/index.php?rest_route=\/wp\/v2\/posts\/162904\/revisions"}],"predecessor-version":[{"id":162906,"href":"https:\/\/elluchador.info\/index.php?rest_route=\/wp\/v2\/posts\/162904\/revisions\/162906"}],"wp:featuredmedia":[{"embeddable":true,"href":"https:\/\/elluchador.info\/index.php?rest_route=\/wp\/v2\/media\/162905"}],"wp:attachment":[{"href":"https:\/\/elluchador.info\/index.php?rest_route=%2Fwp%2Fv2%2Fmedia&parent=162904"}],"wp:term":[{"taxonomy":"category","embeddable":true,"href":"https:\/\/elluchador.info\/index.php?rest_route=%2Fwp%2Fv2%2Fcategories&post=162904"},{"taxonomy":"post_tag","embeddable":true,"href":"https:\/\/elluchador.info\/index.php?rest_route=%2Fwp%2Fv2%2Ftags&post=162904"}],"curies":[{"name":"wp","href":"https:\/\/api.w.org\/{rel}","templated":true}]}}