{"id":162917,"date":"2020-03-09T11:13:56","date_gmt":"2020-03-09T15:13:56","guid":{"rendered":"https:\/\/elluchador.info\/web\/?p=162917"},"modified":"2020-03-09T10:53:10","modified_gmt":"2020-03-09T14:53:10","slug":"nacho-chyno-y-yo-hemos-trabajado-en-limar-asperezas","status":"publish","type":"post","link":"https:\/\/elluchador.info\/?p=162917","title":{"rendered":"Nacho: Chyno y yo hemos trabajado en limar asperezas"},"content":{"rendered":"\n<p>Miguel Ignacio Mendoza, conocido como Nacho, afirm\u00f3 el domingo que el tiempo lo ayud\u00f3 a limar asperezas Chyno, su ex compa\u00f1ero de trabajo. El artista respondi\u00f3 a las peticiones de sus seguidores, quienes quieren que los cantantes hagan un reencuentro.<\/p>\n\n\n\n<p>\u201cTanto Chyno Miranda como yo hemos madurado mucho, gracias a Dios por las experiencias vividas; nos hemos convertido en mejores seres humanos y, definitivamente, en nuestra privacidad hemos trabajado en limar asperezas, diluir rencores, eliminar cualquier resentimiento y en limpiar nuestros corazones sacando los sentimientos amargos\u201d, dijo Nacho en Instagram.<\/p>\n\n\n\n<p>El int\u00e9rprete de \u201cB\u00e1ilame\u201d descart\u00f3, por ahora, una colaboraci\u00f3n juntos, pero asegur\u00f3 que pronto llegar\u00e1 ese momento. \u201cAmbos entendemos que nada forzado es bueno, que todo es mejor cuando se da de manera natural y org\u00e1nica\u201d, afirm\u00f3.<\/p>\n\n\n\n<p>La solicitudes de sus seguidores surgieron a partir del lanzamiento de su nueva canci\u00f3n \u201cAl rev\u00e9s\u201d, que coincide con el\u00a0 el 13 de marzo. \u201cExisten las causalidades y las casualidades. No lo duden. No juzguen el hecho de que cada uno tiene algo que mostrar el 13 de marzo. Apoyen a Chyno el 13 de marzo y ap\u00f3yenme a m\u00ed tambi\u00e9n y ah\u00ed est\u00e1 la soluci\u00f3n\u201d, dijo.<\/p>\n\n\n\n<p>Nacho asegur\u00f3 que entre ellos no existe rivalidad, y que solo est\u00e1n haciendo su trabajo con el \u201centusiasmo y pasi\u00f3n\u201d que los caracteriza\u201d.<\/p>\n\n\n\n<p>En los \u00faltimos d\u00edas los seguidores de ambos crearon un el hashtag \u201c#QueVuelvaChynoYNacho\u201d con la intenci\u00f3n de que los cantantes lo vieran y consideraran un reencuentro. Nacho dijo que la iniciativa de los fans es motivadora.<\/p>\n\n\n\n<p>Chyno y Nacho comenzaron su carrera art\u00edstica en la agrupaci\u00f3n Calle Ciega, de la cual luego se separaron para convertirse en uno de los d\u00faos m\u00e1s importantes de la m\u00fasica venezolana. Sin embargo, los artistas se separaron en 2017 y cada uno emprendi\u00f3 como solista.<\/p>\n","protected":false},"excerpt":{"rendered":"<p>Miguel Ignacio Mendoza, conocido como Nacho, afirm\u00f3 el domingo que el tiempo lo ayud\u00f3 a limar asperezas Chyno, su ex compa\u00f1ero de trabajo. El artista respondi\u00f3 a las peticiones de sus seguidores, quienes quieren que los cantantes hagan un reencuentro. \u201cTanto Chyno Miranda como yo hemos madurado mucho, gracias a Dios por las experiencias vividas; [&hellip;]<\/p>\n","protected":false},"author":2,"featured_media":162918,"comment_status":"closed","ping_status":"closed","sticky":false,"template":"","format":"standard","meta":{"footnotes":""},"categories":[7],"tags":[],"class_list":{"0":"post-162917","1":"post","2":"type-post","3":"status-publish","4":"format-standard","5":"has-post-thumbnail","7":"category-entretenimiento"},"_links":{"self":[{"href":"https:\/\/elluchador.info\/index.php?rest_route=\/wp\/v2\/posts\/162917","targetHints":{"allow":["GET"]}}],"collection":[{"href":"https:\/\/elluchador.info\/index.php?rest_route=\/wp\/v2\/posts"}],"about":[{"href":"https:\/\/elluchador.info\/index.php?rest_route=\/wp\/v2\/types\/post"}],"author":[{"embeddable":true,"href":"https:\/\/elluchador.info\/index.php?rest_route=\/wp\/v2\/users\/2"}],"replies":[{"embeddable":true,"href":"https:\/\/elluchador.info\/index.php?rest_route=%2Fwp%2Fv2%2Fcomments&post=162917"}],"version-history":[{"count":1,"href":"https:\/\/elluchador.info\/index.php?rest_route=\/wp\/v2\/posts\/162917\/revisions"}],"predecessor-version":[{"id":162919,"href":"https:\/\/elluchador.info\/index.php?rest_route=\/wp\/v2\/posts\/162917\/revisions\/162919"}],"wp:featuredmedia":[{"embeddable":true,"href":"https:\/\/elluchador.info\/index.php?rest_route=\/wp\/v2\/media\/162918"}],"wp:attachment":[{"href":"https:\/\/elluchador.info\/index.php?rest_route=%2Fwp%2Fv2%2Fmedia&parent=162917"}],"wp:term":[{"taxonomy":"category","embeddable":true,"href":"https:\/\/elluchador.info\/index.php?rest_route=%2Fwp%2Fv2%2Fcategories&post=162917"},{"taxonomy":"post_tag","embeddable":true,"href":"https:\/\/elluchador.info\/index.php?rest_route=%2Fwp%2Fv2%2Ftags&post=162917"}],"curies":[{"name":"wp","href":"https:\/\/api.w.org\/{rel}","templated":true}]}}