{"id":162922,"date":"2020-03-09T11:48:50","date_gmt":"2020-03-09T15:48:50","guid":{"rendered":"https:\/\/elluchador.info\/web\/?p=162922"},"modified":"2020-03-09T11:38:11","modified_gmt":"2020-03-09T15:38:11","slug":"el-centro-de-caracas-amanecio-militarizado","status":"publish","type":"post","link":"https:\/\/elluchador.info\/?p=162922","title":{"rendered":"El centro de Caracas amaneci\u00f3 militarizado"},"content":{"rendered":"\n<p>El\u00a0centro de la ciudad de Caracas amaneci\u00f3\u00a0militarizado\u00a0este 09 de marzo. Funcionarios de la Guardia Nacional Bolivariana se encuentran desplegados en toda la avenida Universidad.<\/p>\n\n\n\n<p>A la altura de la casa del Libertador Sim\u00f3n Bol\u00edvar\u00a0se encuentran estacionadas varias tanquetas de guerra.<\/p>\n\n\n\n<p>El paso para los veh\u00edculos se encuentra cerrado a la altura del\u00a0Palacio de Miraflores, la plaza O\u2019Leary y sus alrededores.<\/p>\n\n\n\n<p>La Fuerza Armada Nacional Bolivariana activ\u00f3 desde esta madrugada la\u00a0segunda fase de sus ejercicios c\u00edvico militares.<\/p>\n\n\n\n<p>Remigio Ceballos, el comandante estrat\u00e9gico operacional de la FANB, asegur\u00f3 que el objetivo de los ejercicios es neutralizar de toda amenaza interna o externa y garantizar la defensa integral de la naci\u00f3n.<\/p>\n\n\n\n<p>Informaron que\u00a0los planes operativos se han desplegado en Caracas, Miranda, La Guaira, Apure y Bol\u00edvar.<\/p>\n\n\n\n<p>Para este martes la oposici\u00f3n venezolana tiene pautada una movilizaci\u00f3n que comenzar\u00e1 en Chacao y culminar\u00e1 en la sede del Palacio Federal Legislativo.<\/p>\n\n\n\n<p>En respuesta, el vicepresidente del Partido Socialista Unido de Venezuela, Diosdado Cabello, anunci\u00f3 que el oficialismo realizar\u00e1 una\u00a0contramarcha\u00a0que partir\u00e1 de la plaza Morelos con destino a la Esquina de San Francisco, en el centro de Caracas.<\/p>\n\n\n\n<p>El Nacional <\/p>\n","protected":false},"excerpt":{"rendered":"<p>El\u00a0centro de la ciudad de Caracas amaneci\u00f3\u00a0militarizado\u00a0este 09 de marzo. Funcionarios de la Guardia Nacional Bolivariana se encuentran desplegados en toda la avenida Universidad. A la altura de la casa del Libertador Sim\u00f3n Bol\u00edvar\u00a0se encuentran estacionadas varias tanquetas de guerra. El paso para los veh\u00edculos se encuentra cerrado a la altura del\u00a0Palacio de Miraflores, la [&hellip;]<\/p>\n","protected":false},"author":2,"featured_media":162923,"comment_status":"closed","ping_status":"closed","sticky":false,"template":"","format":"standard","meta":{"footnotes":""},"categories":[5,9],"tags":[],"class_list":{"0":"post-162922","1":"post","2":"type-post","3":"status-publish","4":"format-standard","5":"has-post-thumbnail","7":"category-destacado","8":"category-nacionales"},"_links":{"self":[{"href":"https:\/\/elluchador.info\/index.php?rest_route=\/wp\/v2\/posts\/162922","targetHints":{"allow":["GET"]}}],"collection":[{"href":"https:\/\/elluchador.info\/index.php?rest_route=\/wp\/v2\/posts"}],"about":[{"href":"https:\/\/elluchador.info\/index.php?rest_route=\/wp\/v2\/types\/post"}],"author":[{"embeddable":true,"href":"https:\/\/elluchador.info\/index.php?rest_route=\/wp\/v2\/users\/2"}],"replies":[{"embeddable":true,"href":"https:\/\/elluchador.info\/index.php?rest_route=%2Fwp%2Fv2%2Fcomments&post=162922"}],"version-history":[{"count":1,"href":"https:\/\/elluchador.info\/index.php?rest_route=\/wp\/v2\/posts\/162922\/revisions"}],"predecessor-version":[{"id":162925,"href":"https:\/\/elluchador.info\/index.php?rest_route=\/wp\/v2\/posts\/162922\/revisions\/162925"}],"wp:featuredmedia":[{"embeddable":true,"href":"https:\/\/elluchador.info\/index.php?rest_route=\/wp\/v2\/media\/162923"}],"wp:attachment":[{"href":"https:\/\/elluchador.info\/index.php?rest_route=%2Fwp%2Fv2%2Fmedia&parent=162922"}],"wp:term":[{"taxonomy":"category","embeddable":true,"href":"https:\/\/elluchador.info\/index.php?rest_route=%2Fwp%2Fv2%2Fcategories&post=162922"},{"taxonomy":"post_tag","embeddable":true,"href":"https:\/\/elluchador.info\/index.php?rest_route=%2Fwp%2Fv2%2Ftags&post=162922"}],"curies":[{"name":"wp","href":"https:\/\/api.w.org\/{rel}","templated":true}]}}