{"id":162957,"date":"2020-03-09T14:48:54","date_gmt":"2020-03-09T18:48:54","guid":{"rendered":"https:\/\/elluchador.info\/web\/?p=162957"},"modified":"2020-03-09T14:43:16","modified_gmt":"2020-03-09T18:43:16","slug":"indigenas-de-bolivar-rindieron-en-el-cuartel-de-la-montana-honores-a-hugo-chavez","status":"publish","type":"post","link":"https:\/\/elluchador.info\/?p=162957","title":{"rendered":"Ind\u00edgenas de Bol\u00edvar rindieron en el Cuartel de la Monta\u00f1a honores a Hugo Ch\u00e1vez"},"content":{"rendered":"\n<p>Los Ind\u00edgenas de\nBol\u00edvar en nombre de los pueblos originarios de Venezuela, desde el Cuartel de\nla Monta\u00f1a, junto a los familiares del Comandante Supremo y parte de quien fuera\nsu equipo de trabajo m\u00e1s cercano, conmemoraron la tarde de este 5 de marzo, el\n7\u00b0 aniversario de la partida f\u00edsica del fundador y l\u00edder de la Revoluci\u00f3n\nBolivariana, Hugo Ch\u00e1vez Fr\u00edas. <\/p>\n\n\n\n<p>Con un ritual\nespiritual y cultural denominado \u201cLa Llora\u201d, los ind\u00edgenas&nbsp; rindieron homenaje al impulsor del Socialismo\nBolivariano y del proceso de integraci\u00f3n latinoamericano, al Libertador de los\npueblos ind\u00edgenas de Venezuela y de Am\u00e9rica. La actividad cont\u00f3 con la\nparticipaci\u00f3n de abuelas, abuelos, caciques, j\u00f3venes y ni\u00f1os de las comunidades\nind\u00edgenas Kari&#8217;\u00f1a &#8211; La Mata de Tapaquire, municipio Angostura del Orinoco y\nCamurica, municipio Sucre. <\/p>\n\n\n\n<p>El origen de este particular baile se vincula a las costumbres mortuorias de los ind\u00edgenas, debido a la similitud del hecho de escenificarse coreogr\u00e1ficamente de manera circular, alrededor del sitio donde descansan los restos del Com\u00e1ndate Hugo Ch\u00e1vez e incluir el t\u00edpico grito guerrero ind\u00edgena, para indicar el final de cada pieza. El cual ha sufrido muchas transformaciones tanto musicales como coreogr\u00e1ficas a lo largo de su historia.<\/p>\n\n\n\n<figure class=\"wp-block-image\"><img loading=\"lazy\" decoding=\"async\" width=\"800\" height=\"379\" src=\"https:\/\/elluchador.info\/web\/wp-content\/uploads\/2020\/03\/F2.jpeg\" alt=\"\" class=\"wp-image-162958\" srcset=\"https:\/\/elluchador.info\/wp-content\/uploads\/2020\/03\/F2.jpeg 800w, https:\/\/elluchador.info\/wp-content\/uploads\/2020\/03\/F2-300x142.jpeg 300w, https:\/\/elluchador.info\/wp-content\/uploads\/2020\/03\/F2-768x364.jpeg 768w\" sizes=\"auto, (max-width: 800px) 100vw, 800px\" \/><figcaption> <em>Con ritual espiritual ind\u00edgenas de Bol\u00edvar rindieron honores al Comandante de la Revoluci\u00f3n Bolivariana.<\/em> <\/figcaption><\/figure>\n\n\n\n<p>En esta oportunidad\nlos Kari\u00b4\u00f1as junto a los parientes m\u00e1s cercanos del Gigante de la Revoluci\u00f3n\nBolivariana durante el ritual a trav\u00e9s de fotograf\u00eda iban relatando aspectos\nsignificativos de la vida de Hugo Ch\u00e1vez, mientras limpian y acarician sus restos\nmortales y de esta forma honraron el alma del hombre que los visibiliz\u00f3 y luch\u00f3\npara hacer velar sus derechos. El acto espiritual duro unos cuantos minutos.\nAdem\u00e1s, cabe destacar que en el lugar se construy\u00f3 un escenario, donde se\nrealizaron cantos, relatos, danzas, el cual concluy\u00f3 al son del arpa, cuatro y\nmaracas.<\/p>\n\n\n\n<p>Este merecido homenaje al Libertador de los pueblos originarios cont\u00f3 con el respaldo y apoyo absoluto del gobernador Justo Noguera Pietri, quien no escatimo esfuerzos ni recursos para que los ind\u00edgenas se trasladaran al Cuartel de la Monta\u00f1a a realizar dicho tributo en nombre del pueblo de Bol\u00edvar, quien contribuy\u00f3 en cada victoria del Gigante de Am\u00e9rica.<\/p>\n\n\n\n<figure class=\"wp-block-image\"><img loading=\"lazy\" decoding=\"async\" width=\"800\" height=\"379\" src=\"https:\/\/elluchador.info\/web\/wp-content\/uploads\/2020\/03\/F3.jpeg\" alt=\"\" class=\"wp-image-162959\" srcset=\"https:\/\/elluchador.info\/wp-content\/uploads\/2020\/03\/F3.jpeg 800w, https:\/\/elluchador.info\/wp-content\/uploads\/2020\/03\/F3-300x142.jpeg 300w, https:\/\/elluchador.info\/wp-content\/uploads\/2020\/03\/F3-768x364.jpeg 768w\" sizes=\"auto, (max-width: 800px) 100vw, 800px\" \/><figcaption>  <em>Originarios presentaron por primera vez el uniforme de campa\u00f1a de Hugo Ch\u00e1vez en el Cuartel de la Monta\u00f1a.<\/em> <\/figcaption><\/figure>\n\n\n\n<p>Cabe destacar que a 7\na\u00f1os de su siembra los ind\u00edgenas ratificaron llenos de orgullo patrio y del m\u00e1s\nsincero amor, lealtad absoluta al legado y ejemplo del Comandante Eterno. Al\ntiempo que confirmaron que junto al pueblo y al presidente Nicol\u00e1s Maduro seguir\u00e1n\nel rumbo que Hugo Ch\u00e1vez traz\u00f3 para tener una Patria libre, soberana y\npr\u00f3spera.<\/p>\n\n\n\n<p><strong>Uniforme\nde Campa\u00f1a<\/strong><\/p>\n\n\n\n<p>Durante el ritual,\nlos ind\u00edgenas de Bol\u00edvar, dirigidos por el director ejecutivo del Instituto\nInd\u00edgena Bol\u00edvar, Pedro Requena y el concejal ind\u00edgena del municipio Angostura\ndel Orinoco, Jos\u00e9 Gregorio Cascantes, fueron los encargados de colocar por\nprimera vez en exhibici\u00f3n en el Cuartel de la Monta\u00f1a el uniforme de campa\u00f1a del\nComandante Hugo Ch\u00e1vez.<\/p>\n\n\n\n<p>Pedro Requena, coment\u00f3 que \u201clos ind\u00edgenas de Bol\u00edvar estamos contentos por todo lo que vivimos con el Comandante, por su legado, por su lucha \u00a0y triste porque ya no lo tenemos f\u00edsicamente sino desde la dimensi\u00f3n espiritual. Ch\u00e1vez sigue presente entre nosotros, en cada uno de los encuentros, en cada asamblea, de las UBCH, en los Consejos Comunales, en las Misiones y Grandes Misiones (\u2026) hoy nuestro Comandante sigue m\u00e1s vivo que nunca en el coraz\u00f3n de este noble pueblo\u201d, detall\u00f3.<\/p>\n\n\n\n<p><strong>Prensa GoBol-IAIEB<\/strong><\/p>\n","protected":false},"excerpt":{"rendered":"<p>Los Ind\u00edgenas de Bol\u00edvar en nombre de los pueblos originarios de Venezuela, desde el Cuartel de la Monta\u00f1a, junto a los familiares del Comandante Supremo y parte de quien fuera su equipo de trabajo m\u00e1s cercano, conmemoraron la tarde de este 5 de marzo, el 7\u00b0 aniversario de la partida f\u00edsica del fundador y l\u00edder [&hellip;]<\/p>\n","protected":false},"author":2,"featured_media":162960,"comment_status":"closed","ping_status":"closed","sticky":false,"template":"","format":"standard","meta":{"footnotes":""},"categories":[5,11,12],"tags":[],"class_list":{"0":"post-162957","1":"post","2":"type-post","3":"status-publish","4":"format-standard","5":"has-post-thumbnail","7":"category-destacado","8":"category-politica","9":"category-regionales"},"_links":{"self":[{"href":"https:\/\/elluchador.info\/index.php?rest_route=\/wp\/v2\/posts\/162957","targetHints":{"allow":["GET"]}}],"collection":[{"href":"https:\/\/elluchador.info\/index.php?rest_route=\/wp\/v2\/posts"}],"about":[{"href":"https:\/\/elluchador.info\/index.php?rest_route=\/wp\/v2\/types\/post"}],"author":[{"embeddable":true,"href":"https:\/\/elluchador.info\/index.php?rest_route=\/wp\/v2\/users\/2"}],"replies":[{"embeddable":true,"href":"https:\/\/elluchador.info\/index.php?rest_route=%2Fwp%2Fv2%2Fcomments&post=162957"}],"version-history":[{"count":2,"href":"https:\/\/elluchador.info\/index.php?rest_route=\/wp\/v2\/posts\/162957\/revisions"}],"predecessor-version":[{"id":162962,"href":"https:\/\/elluchador.info\/index.php?rest_route=\/wp\/v2\/posts\/162957\/revisions\/162962"}],"wp:featuredmedia":[{"embeddable":true,"href":"https:\/\/elluchador.info\/index.php?rest_route=\/wp\/v2\/media\/162960"}],"wp:attachment":[{"href":"https:\/\/elluchador.info\/index.php?rest_route=%2Fwp%2Fv2%2Fmedia&parent=162957"}],"wp:term":[{"taxonomy":"category","embeddable":true,"href":"https:\/\/elluchador.info\/index.php?rest_route=%2Fwp%2Fv2%2Fcategories&post=162957"},{"taxonomy":"post_tag","embeddable":true,"href":"https:\/\/elluchador.info\/index.php?rest_route=%2Fwp%2Fv2%2Ftags&post=162957"}],"curies":[{"name":"wp","href":"https:\/\/api.w.org\/{rel}","templated":true}]}}