{"id":162965,"date":"2020-03-09T15:55:26","date_gmt":"2020-03-09T19:55:26","guid":{"rendered":"https:\/\/elluchador.info\/web\/?p=162965"},"modified":"2020-03-09T15:06:35","modified_gmt":"2020-03-09T19:06:35","slug":"joanna-acevedo-reinventarse-y-atreverse-es-el-camino","status":"publish","type":"post","link":"https:\/\/elluchador.info\/?p=162965","title":{"rendered":"Joanna Acevedo: Reinventarse y atreverse es el camino"},"content":{"rendered":"\n<p>Como parte del evento \u201cMarcas que inspiran\u201d, Joanna Acevedo conforma el equipo que acompa\u00f1ar\u00e1 a Isabel Cristina Contreras y a otras 2 damas motivadoras que conocer\u00e1n en ediciones posteriores de El Luchador.<\/p>\n\n\n\n<p>Su marca Joanna Acevedo tiene una identidad, desde siempre am\u00f3 las telas, las texturas, los colores, las siluetas y las formas, ella misma dise\u00f1a, corta, confecciona, comercializa y lleva las redes sociales de su negocio, especialmente el Instagram @byjoannaacevedo, pero sabe que en un futuro muy cercano ser\u00e1 un magn\u00edfico y gran equipo, que por ahora conforma junto a&nbsp; su madre.<\/p>\n\n\n\n<p>Naci\u00f3 un 04 de Junio en Cali, Colombia, pero es venezolana de coraz\u00f3n porque se\u00f1ala que este gran pa\u00eds se lo ha dado todo. Es una mujer sensible, amigable, colaboradora, organizada, leal. Expresa que puedes acercarte a ella y encontrar\u00e1s una mano amiga desinteresada en ayudar, ama ver crecer a los dem\u00e1s, avanzar y cree firmemente en el principio de la siembra y cosecha.<\/p>\n\n\n\n<p>Indica que su marca est\u00e1 pensada para todas las&nbsp; mujeres, sin distinci\u00f3n de peso, estatura, color y gusto porque se adapta a todo eso, es vers\u00e1til y muy femenina, sus prendas son adecuadas para aquellas mujeres&nbsp; que deben ir bien vestidas a la oficina, por ejemplo y que luego f\u00e1cilmente puedan ir a un&nbsp;\u00abafter office\u00bb o reuni\u00f3n de amigas, con&nbsp;tan solo agregar algunos accesorios y ya!<\/p>\n\n\n\n<p>La dise\u00f1adora tiene 49 a\u00f1os de edad, lo cual es un dato&nbsp; muy importante porque sostiene que&nbsp; los sue\u00f1os, como el amor, no tienen edad, ni fecha en el calendario. Actualmente tiene un atelier en Ciudad Bol\u00edvar, donde tambi\u00e9n exhibe sus piezas m\u00e1s recientes, aunque piensa expandirse en el futuro por varias ciudades del pa\u00eds.<\/p>\n\n\n\n<p>\u201cJoanna Acevedo es una marca para la mujer actual y empoderada que sabe lo que quiere y que se valora a s\u00ed misma\u201d, tiene muy claro que es lo que necesita una mujer en su closet y ya ha dise\u00f1ado varias prendas b\u00e1sicas, pero siempre d\u00e1ndole su toque personal ultra femenino<\/p>\n\n\n\n<p>Sus recientes colecciones como la&nbsp; Magic, la Basic, la de faldas Nostalgic, son piezas que buscan resaltar lo mejor de cada mujer, refuerzan su seguridad y belleza. Se inclina por los colores vivos, las transparencias, los encajes y tambi\u00e9n por los accesorios vanguardistas como las bufandas, las bandanas.<\/p>\n\n\n\n<p>Como todo emprendedor que desea crecer y darse a conocer, se enfrenta a muchos&nbsp; retos, siendo el m\u00e1s importante la adaptaci\u00f3n al proceso econ\u00f3mico y social que atraviesa nuestro pa\u00eds, por ello se ha&nbsp; concentrado en dise\u00f1ar y confeccionar prendas que perduren en el tiempo, cien por ciento combinables, frescas, adaptables y muy femeninas, porque lo m\u00e1s importante no es la moda o la tendencia, es la comodidad y la magia que pueda producir en una cliente, sus dise\u00f1os.<\/p>\n\n\n\n<p>La carism\u00e1tica &nbsp;confeccionista tiene un esp\u00edritu muy positivo y alentador y eso se lo impregna a sus creaciones, as\u00ed como a sus clientas, las cuales se sienten renovadas y hermosas despu\u00e9s de salir de su atelier.<\/p>\n\n\n\n<p>Su inspiraci\u00f3n viene de todo lo que la rodea, ella se\u00f1ala que la moda ya est\u00e1 hecha, las tendencias, los colores, las texturas, pero en su proceso creativo, le impregna su&nbsp; toque personal.<\/p>\n\n\n\n<p>Joanna Acevedo es una marca que tiene en cuenta la necesidad de la mujer venezolana, de vestirse bien en estos tiempos y de lucir bien arreglada a bajo costo y es, \u00abno comprando por comprar\u00bb aprendiendo qu\u00e9 les queda bien, tipo de cuerpo y necesidad, para comprar lo preciso, prendas de calidad, piezas que se puedan combinar unas con otras.<\/p>\n\n\n\n<p><strong>CNP 12.355<br><\/strong><\/p>\n","protected":false},"excerpt":{"rendered":"<p>Como parte del evento \u201cMarcas que inspiran\u201d, Joanna Acevedo conforma el equipo que acompa\u00f1ar\u00e1 a Isabel Cristina Contreras y a otras 2 damas motivadoras que conocer\u00e1n en ediciones posteriores de El Luchador. Su marca Joanna Acevedo tiene una identidad, desde siempre am\u00f3 las telas, las texturas, los colores, las siluetas y las formas, ella misma [&hellip;]<\/p>\n","protected":false},"author":2,"featured_media":162966,"comment_status":"closed","ping_status":"closed","sticky":false,"template":"","format":"standard","meta":{"footnotes":""},"categories":[6,12],"tags":[],"class_list":{"0":"post-162965","1":"post","2":"type-post","3":"status-publish","4":"format-standard","5":"has-post-thumbnail","7":"category-economia","8":"category-regionales"},"_links":{"self":[{"href":"https:\/\/elluchador.info\/index.php?rest_route=\/wp\/v2\/posts\/162965","targetHints":{"allow":["GET"]}}],"collection":[{"href":"https:\/\/elluchador.info\/index.php?rest_route=\/wp\/v2\/posts"}],"about":[{"href":"https:\/\/elluchador.info\/index.php?rest_route=\/wp\/v2\/types\/post"}],"author":[{"embeddable":true,"href":"https:\/\/elluchador.info\/index.php?rest_route=\/wp\/v2\/users\/2"}],"replies":[{"embeddable":true,"href":"https:\/\/elluchador.info\/index.php?rest_route=%2Fwp%2Fv2%2Fcomments&post=162965"}],"version-history":[{"count":1,"href":"https:\/\/elluchador.info\/index.php?rest_route=\/wp\/v2\/posts\/162965\/revisions"}],"predecessor-version":[{"id":162967,"href":"https:\/\/elluchador.info\/index.php?rest_route=\/wp\/v2\/posts\/162965\/revisions\/162967"}],"wp:featuredmedia":[{"embeddable":true,"href":"https:\/\/elluchador.info\/index.php?rest_route=\/wp\/v2\/media\/162966"}],"wp:attachment":[{"href":"https:\/\/elluchador.info\/index.php?rest_route=%2Fwp%2Fv2%2Fmedia&parent=162965"}],"wp:term":[{"taxonomy":"category","embeddable":true,"href":"https:\/\/elluchador.info\/index.php?rest_route=%2Fwp%2Fv2%2Fcategories&post=162965"},{"taxonomy":"post_tag","embeddable":true,"href":"https:\/\/elluchador.info\/index.php?rest_route=%2Fwp%2Fv2%2Ftags&post=162965"}],"curies":[{"name":"wp","href":"https:\/\/api.w.org\/{rel}","templated":true}]}}