{"id":162983,"date":"2020-03-09T16:40:00","date_gmt":"2020-03-09T20:40:00","guid":{"rendered":"https:\/\/elluchador.info\/web\/?p=162983"},"modified":"2020-03-09T16:13:12","modified_gmt":"2020-03-09T20:13:12","slug":"suspendido-el-tradicional-desfile-de-san-patricio-en-dublin-por-covid-19","status":"publish","type":"post","link":"https:\/\/elluchador.info\/?p=162983","title":{"rendered":"Suspendido el tradicional desfile de San Patricio en Dubl\u00edn por Covid-19"},"content":{"rendered":"\n<p>El Gobierno irland\u00e9s suspendi\u00f3 por el coronavirus el desfile del d\u00eda de San Patricio, el patr\u00f3n nacional, que transcurre&nbsp;<strong>cada 17 de marzo por las calles de Dubl\u00edn y al que asisten m\u00e1s de medio mill\u00f3n de personas.<\/strong><\/p>\n\n\n\n<p>Un comit\u00e9 especial presidido por el primer ministro irland\u00e9s en funciones, el democristiano Leo Varadkar, tom\u00f3 esa decisi\u00f3n despu\u00e9s de analizar un informe de expertos sobre el Covid-19.<\/p>\n\n\n\n<p>Tambi\u00e9n&nbsp;<strong>se han cancelado un n\u00famero de desfiles de San Patricio en otras localidades del pa\u00eds<\/strong>, como en Cork, la segunda m\u00e1s poblada, en el que participan m\u00e1s de 2.000 artistas y congrega en sus calles a unas 50.000 personas cada a\u00f1o.<\/p>\n\n\n\n<p>El ministro de Sanidad, Simon Harris, advirti\u00f3 que Irlanda podr\u00eda enfrentarse a un \u00abbrote de coronavirus muy grave\u00bb, similar al que est\u00e1n experimentando pa\u00edses como Italia, Francia o Alemania.<\/p>\n\n\n\n<p>Hasta la fecha, no se han confirmado v\u00edctimas mortales, pero l<strong>as autoridades han detectado 33 casos de Covid-19<\/strong>&nbsp;en toda la isla de Irlanda, 21 de ellos en la Rep\u00fablica de Irlanda y 12 en la provincia brit\u00e1nica de Irlanda del Norte.<\/p>\n\n\n\n<p>\u00abLo que tenemos que hacer desde el Gobierno y desde la sociedad es, sobre todo, prepararnos para dar apoyo a los grupos vulnerables de gente mayor y de gente con patolog\u00edas subyacentes\u00bb, dijo el ministro, quien tambi\u00e9n pidi\u00f3 calma a la ciudadan\u00eda.<\/p>\n\n\n\n<p>EFE\/Uni\u00f3n Radio<\/p>\n","protected":false},"excerpt":{"rendered":"<p>El Gobierno irland\u00e9s suspendi\u00f3 por el coronavirus el desfile del d\u00eda de San Patricio, el patr\u00f3n nacional, que transcurre&nbsp;cada 17 de marzo por las calles de Dubl\u00edn y al que asisten m\u00e1s de medio mill\u00f3n de personas. Un comit\u00e9 especial presidido por el primer ministro irland\u00e9s en funciones, el democristiano Leo Varadkar, tom\u00f3 esa decisi\u00f3n [&hellip;]<\/p>\n","protected":false},"author":2,"featured_media":162985,"comment_status":"closed","ping_status":"closed","sticky":false,"template":"","format":"standard","meta":{"footnotes":""},"categories":[8],"tags":[],"class_list":{"0":"post-162983","1":"post","2":"type-post","3":"status-publish","4":"format-standard","5":"has-post-thumbnail","7":"category-internacionales"},"_links":{"self":[{"href":"https:\/\/elluchador.info\/index.php?rest_route=\/wp\/v2\/posts\/162983","targetHints":{"allow":["GET"]}}],"collection":[{"href":"https:\/\/elluchador.info\/index.php?rest_route=\/wp\/v2\/posts"}],"about":[{"href":"https:\/\/elluchador.info\/index.php?rest_route=\/wp\/v2\/types\/post"}],"author":[{"embeddable":true,"href":"https:\/\/elluchador.info\/index.php?rest_route=\/wp\/v2\/users\/2"}],"replies":[{"embeddable":true,"href":"https:\/\/elluchador.info\/index.php?rest_route=%2Fwp%2Fv2%2Fcomments&post=162983"}],"version-history":[{"count":1,"href":"https:\/\/elluchador.info\/index.php?rest_route=\/wp\/v2\/posts\/162983\/revisions"}],"predecessor-version":[{"id":162986,"href":"https:\/\/elluchador.info\/index.php?rest_route=\/wp\/v2\/posts\/162983\/revisions\/162986"}],"wp:featuredmedia":[{"embeddable":true,"href":"https:\/\/elluchador.info\/index.php?rest_route=\/wp\/v2\/media\/162985"}],"wp:attachment":[{"href":"https:\/\/elluchador.info\/index.php?rest_route=%2Fwp%2Fv2%2Fmedia&parent=162983"}],"wp:term":[{"taxonomy":"category","embeddable":true,"href":"https:\/\/elluchador.info\/index.php?rest_route=%2Fwp%2Fv2%2Fcategories&post=162983"},{"taxonomy":"post_tag","embeddable":true,"href":"https:\/\/elluchador.info\/index.php?rest_route=%2Fwp%2Fv2%2Ftags&post=162983"}],"curies":[{"name":"wp","href":"https:\/\/api.w.org\/{rel}","templated":true}]}}