{"id":163019,"date":"2020-03-10T09:29:39","date_gmt":"2020-03-10T13:29:39","guid":{"rendered":"https:\/\/elluchador.info\/web\/?p=163019"},"modified":"2020-03-10T09:19:03","modified_gmt":"2020-03-10T13:19:03","slug":"oposicion-y-oficialismo-se-movilizan-este-martes","status":"publish","type":"post","link":"https:\/\/elluchador.info\/?p=163019","title":{"rendered":"Oposici\u00f3n y oficialismo se movilizan este martes"},"content":{"rendered":"\n<p>Simpatizantes de la oposici\u00f3n y del oficialismo se movilizar\u00e1n este martes en Caracas y otros estados del pa\u00eds.<\/p>\n\n\n\n<p>La oposici\u00f3n se desplazar\u00e1 desde la Plaza Juan Pablo II, en el municipio Chacao, hasta la sede del Palacio Federal Legislativo.<\/p>\n\n\n\n<p>La actividad contar\u00e1 con la presencia de diputados, docentes, estudiantes, enfermeras y representantes del sector salud.<\/p>\n\n\n\n<p>Por su parte, seguidores del oficialismo se concentrar\u00e1n en el centro de Caracas, en rechazo a las \u00abagresiones\u00bb de Estados Unidos y en respaldo a la Asamblea Nacional Constituyente.<\/p>\n\n\n\n<p>El gobierno marchar\u00e1 desde la Plaza Morelos hasta la esquina de San Francisco.<\/p>\n\n\n\n<p>Lourdes G. Soublette\/ Uni\u00f3n Radio<\/p>\n","protected":false},"excerpt":{"rendered":"<p>Simpatizantes de la oposici\u00f3n y del oficialismo se movilizar\u00e1n este martes en Caracas y otros estados del pa\u00eds. La oposici\u00f3n se desplazar\u00e1 desde la Plaza Juan Pablo II, en el municipio Chacao, hasta la sede del Palacio Federal Legislativo. La actividad contar\u00e1 con la presencia de diputados, docentes, estudiantes, enfermeras y representantes del sector salud. [&hellip;]<\/p>\n","protected":false},"author":2,"featured_media":163020,"comment_status":"closed","ping_status":"closed","sticky":false,"template":"","format":"standard","meta":{"footnotes":""},"categories":[5,9],"tags":[],"class_list":{"0":"post-163019","1":"post","2":"type-post","3":"status-publish","4":"format-standard","5":"has-post-thumbnail","7":"category-destacado","8":"category-nacionales"},"_links":{"self":[{"href":"https:\/\/elluchador.info\/index.php?rest_route=\/wp\/v2\/posts\/163019","targetHints":{"allow":["GET"]}}],"collection":[{"href":"https:\/\/elluchador.info\/index.php?rest_route=\/wp\/v2\/posts"}],"about":[{"href":"https:\/\/elluchador.info\/index.php?rest_route=\/wp\/v2\/types\/post"}],"author":[{"embeddable":true,"href":"https:\/\/elluchador.info\/index.php?rest_route=\/wp\/v2\/users\/2"}],"replies":[{"embeddable":true,"href":"https:\/\/elluchador.info\/index.php?rest_route=%2Fwp%2Fv2%2Fcomments&post=163019"}],"version-history":[{"count":1,"href":"https:\/\/elluchador.info\/index.php?rest_route=\/wp\/v2\/posts\/163019\/revisions"}],"predecessor-version":[{"id":163021,"href":"https:\/\/elluchador.info\/index.php?rest_route=\/wp\/v2\/posts\/163019\/revisions\/163021"}],"wp:featuredmedia":[{"embeddable":true,"href":"https:\/\/elluchador.info\/index.php?rest_route=\/wp\/v2\/media\/163020"}],"wp:attachment":[{"href":"https:\/\/elluchador.info\/index.php?rest_route=%2Fwp%2Fv2%2Fmedia&parent=163019"}],"wp:term":[{"taxonomy":"category","embeddable":true,"href":"https:\/\/elluchador.info\/index.php?rest_route=%2Fwp%2Fv2%2Fcategories&post=163019"},{"taxonomy":"post_tag","embeddable":true,"href":"https:\/\/elluchador.info\/index.php?rest_route=%2Fwp%2Fv2%2Ftags&post=163019"}],"curies":[{"name":"wp","href":"https:\/\/api.w.org\/{rel}","templated":true}]}}