{"id":163029,"date":"2020-03-10T09:54:33","date_gmt":"2020-03-10T13:54:33","guid":{"rendered":"https:\/\/elluchador.info\/web\/?p=163029"},"modified":"2020-03-10T09:44:18","modified_gmt":"2020-03-10T13:44:18","slug":"burkina-faso-6o-pais-de-africa-subsahariana-afectado-por-coronavirus","status":"publish","type":"post","link":"https:\/\/elluchador.info\/?p=163029","title":{"rendered":"Burkina Faso 6\u00ba pa\u00eds de \u00c1frica Subsahariana afectado por coronavirus"},"content":{"rendered":"\n<p>Burkina Faso ha confirmado sus dos primeros casos de coronavirus, lo que convierte a este pa\u00eds en el sexto de \u00c1frica Subsahariana afectado por la enfermedad del COVID-19.<\/p>\n\n\n\n<p>En una rueda de prensa celebrada a \u00faltima hora de este lunes, la ministra de Sanidad, Claudine Lougu\u00e9, anunci\u00f3 que los pacientes afectados son dos ciudadanos burkineses, un hombre y su esposa, quienes regresaron el pasado 24 de febrero de un viaje a Francia.<\/p>\n\n\n\n<p>Los infectados se encuentran en cuarentena en un hospital de Uagadug\u00fa, capital de este pa\u00eds de \u00c1frica occidental.<\/p>\n\n\n\n<p>Una tercera persona que estuvo en contacto con el matrimonio se halla bajo observaci\u00f3n m\u00e9dica, agreg\u00f3 la ministra.<\/p>\n\n\n\n<p>Burkina Faso se convierte as\u00ed en el sexto pa\u00eds de \u00c1frica Subsahariana en confirmar casos de coronavirus, junto a Sud\u00e1frica (siete casos), Senegal (cuatro), Nigeria (dos), Camer\u00fan (uno) y Togo (uno).<\/p>\n\n\n\n<p>\u00c1frica Subsahariana, una zona especialmente vulnerable por sus fr\u00e1giles sistemas de salud, se mantiene, de momento, como una de las regiones menos afectadas del mundo, adem\u00e1s de que muchos pa\u00edses cuentan con experiencia en gesti\u00f3n de epidemias v\u00edricas.<\/p>\n\n\n\n<p>La Organizaci\u00f3n Mundial de la Salud (OMS) inform\u00f3 este lunes de que se han registrado 109.578 casos confirmados de coronavirus en el mundo.<\/p>\n\n\n\n<p>Los s\u00edntomas del nuevo coronavirus son en muchos casos parecidos a los de un resfriado, pero pueden estar acompa\u00f1ados de fiebre y fatiga, tos seca y disnea (dificultad para respirar).<\/p>\n\n\n\n<p><strong>Uni\u00f3n Radio <\/strong><\/p>\n","protected":false},"excerpt":{"rendered":"<p>Burkina Faso ha confirmado sus dos primeros casos de coronavirus, lo que convierte a este pa\u00eds en el sexto de \u00c1frica Subsahariana afectado por la enfermedad del COVID-19. En una rueda de prensa celebrada a \u00faltima hora de este lunes, la ministra de Sanidad, Claudine Lougu\u00e9, anunci\u00f3 que los pacientes afectados son dos ciudadanos burkineses, [&hellip;]<\/p>\n","protected":false},"author":2,"featured_media":163030,"comment_status":"closed","ping_status":"closed","sticky":false,"template":"","format":"standard","meta":{"footnotes":""},"categories":[5,8],"tags":[],"class_list":{"0":"post-163029","1":"post","2":"type-post","3":"status-publish","4":"format-standard","5":"has-post-thumbnail","7":"category-destacado","8":"category-internacionales"},"_links":{"self":[{"href":"https:\/\/elluchador.info\/index.php?rest_route=\/wp\/v2\/posts\/163029","targetHints":{"allow":["GET"]}}],"collection":[{"href":"https:\/\/elluchador.info\/index.php?rest_route=\/wp\/v2\/posts"}],"about":[{"href":"https:\/\/elluchador.info\/index.php?rest_route=\/wp\/v2\/types\/post"}],"author":[{"embeddable":true,"href":"https:\/\/elluchador.info\/index.php?rest_route=\/wp\/v2\/users\/2"}],"replies":[{"embeddable":true,"href":"https:\/\/elluchador.info\/index.php?rest_route=%2Fwp%2Fv2%2Fcomments&post=163029"}],"version-history":[{"count":1,"href":"https:\/\/elluchador.info\/index.php?rest_route=\/wp\/v2\/posts\/163029\/revisions"}],"predecessor-version":[{"id":163031,"href":"https:\/\/elluchador.info\/index.php?rest_route=\/wp\/v2\/posts\/163029\/revisions\/163031"}],"wp:featuredmedia":[{"embeddable":true,"href":"https:\/\/elluchador.info\/index.php?rest_route=\/wp\/v2\/media\/163030"}],"wp:attachment":[{"href":"https:\/\/elluchador.info\/index.php?rest_route=%2Fwp%2Fv2%2Fmedia&parent=163029"}],"wp:term":[{"taxonomy":"category","embeddable":true,"href":"https:\/\/elluchador.info\/index.php?rest_route=%2Fwp%2Fv2%2Fcategories&post=163029"},{"taxonomy":"post_tag","embeddable":true,"href":"https:\/\/elluchador.info\/index.php?rest_route=%2Fwp%2Fv2%2Ftags&post=163029"}],"curies":[{"name":"wp","href":"https:\/\/api.w.org\/{rel}","templated":true}]}}