{"id":163032,"date":"2020-03-10T10:01:38","date_gmt":"2020-03-10T14:01:38","guid":{"rendered":"https:\/\/elluchador.info\/web\/?p=163032"},"modified":"2020-03-10T09:50:53","modified_gmt":"2020-03-10T13:50:53","slug":"bachelet-denuncia-que-el-acoso-a-la-oposicion-persiste-en-venezuela","status":"publish","type":"post","link":"https:\/\/elluchador.info\/?p=163032","title":{"rendered":"Bachelet denuncia que el acoso a la oposici\u00f3n persiste en Venezuela"},"content":{"rendered":"\n<p>La Alta Comisionada de las Naciones Unidas para Los Derechos Humanos, Michelle Bachelet, rechaz\u00f3 los recientes actos violentos contra diputados a la Asamblea Nacional (AN), y dirigentes de oposici\u00f3n.<\/p>\n\n\n\n<p>Indic\u00f3 que desde el pasado 5 de enero su oficina ha documentado agresiones contra periodistas y dirigentes sociales en los alrededores del Palacio Federal Legislativo y en otras actividades de calle.<\/p>\n\n\n\n<p>Bachelet mostr\u00f3 su preocupaci\u00f3n por la falta de actuaci\u00f3n por parte de los cuerpos de seguridad del Estado frente a las irregularidades.<\/p>\n\n\n\n<p>En una nueva actualizaci\u00f3n de su informe sobre la situaci\u00f3n de los DDHH en Venezuela, confi\u00f3 en que se puedan alcanzar los acuerdos pol\u00edticos necesarios para la renovaci\u00f3n del Poder Electoral.<\/p>\n\n\n\n<blockquote class=\"wp-block-quote is-layout-flow wp-block-quote-is-layout-flow\"><p>\u201cValoro todos los esfuerzos encaminados en esa direcci\u00f3n y reitero el llamado a todas las partes a que act\u00faen con la altura de mira en alto que el pa\u00eds se merece, para evitar un mayor escalamiento en la confrontaci\u00f3n\u201d, dijo.<\/p><\/blockquote>\n\n\n\n<p>Bachelet espera se garanticen elecciones transparentes, libres y cre\u00edbles.<\/p>\n\n\n\n<p><strong>Uni\u00f3n Radio <\/strong><\/p>\n","protected":false},"excerpt":{"rendered":"<p>La Alta Comisionada de las Naciones Unidas para Los Derechos Humanos, Michelle Bachelet, rechaz\u00f3 los recientes actos violentos contra diputados a la Asamblea Nacional (AN), y dirigentes de oposici\u00f3n. Indic\u00f3 que desde el pasado 5 de enero su oficina ha documentado agresiones contra periodistas y dirigentes sociales en los alrededores del Palacio Federal Legislativo y [&hellip;]<\/p>\n","protected":false},"author":2,"featured_media":163033,"comment_status":"closed","ping_status":"closed","sticky":false,"template":"","format":"standard","meta":{"footnotes":""},"categories":[5,8],"tags":[],"class_list":{"0":"post-163032","1":"post","2":"type-post","3":"status-publish","4":"format-standard","5":"has-post-thumbnail","7":"category-destacado","8":"category-internacionales"},"_links":{"self":[{"href":"https:\/\/elluchador.info\/index.php?rest_route=\/wp\/v2\/posts\/163032","targetHints":{"allow":["GET"]}}],"collection":[{"href":"https:\/\/elluchador.info\/index.php?rest_route=\/wp\/v2\/posts"}],"about":[{"href":"https:\/\/elluchador.info\/index.php?rest_route=\/wp\/v2\/types\/post"}],"author":[{"embeddable":true,"href":"https:\/\/elluchador.info\/index.php?rest_route=\/wp\/v2\/users\/2"}],"replies":[{"embeddable":true,"href":"https:\/\/elluchador.info\/index.php?rest_route=%2Fwp%2Fv2%2Fcomments&post=163032"}],"version-history":[{"count":1,"href":"https:\/\/elluchador.info\/index.php?rest_route=\/wp\/v2\/posts\/163032\/revisions"}],"predecessor-version":[{"id":163034,"href":"https:\/\/elluchador.info\/index.php?rest_route=\/wp\/v2\/posts\/163032\/revisions\/163034"}],"wp:featuredmedia":[{"embeddable":true,"href":"https:\/\/elluchador.info\/index.php?rest_route=\/wp\/v2\/media\/163033"}],"wp:attachment":[{"href":"https:\/\/elluchador.info\/index.php?rest_route=%2Fwp%2Fv2%2Fmedia&parent=163032"}],"wp:term":[{"taxonomy":"category","embeddable":true,"href":"https:\/\/elluchador.info\/index.php?rest_route=%2Fwp%2Fv2%2Fcategories&post=163032"},{"taxonomy":"post_tag","embeddable":true,"href":"https:\/\/elluchador.info\/index.php?rest_route=%2Fwp%2Fv2%2Ftags&post=163032"}],"curies":[{"name":"wp","href":"https:\/\/api.w.org\/{rel}","templated":true}]}}