{"id":163091,"date":"2020-03-10T16:25:36","date_gmt":"2020-03-10T20:25:36","guid":{"rendered":"https:\/\/elluchador.info\/web\/?p=163091"},"modified":"2020-03-10T16:10:43","modified_gmt":"2020-03-10T20:10:43","slug":"guaido-anuncia-protesta-para-el-12-m-que-incluira-a-diversos-gremios","status":"publish","type":"post","link":"https:\/\/elluchador.info\/?p=163091","title":{"rendered":"Guaid\u00f3 anuncia protesta para el 12-M que incluir\u00e1 a diversos gremios"},"content":{"rendered":"\n<p>El diputado,<strong>&nbsp;Juan Guaid\u00f3<\/strong>, inform\u00f3 que este jueves habr\u00e1 una nueva movilizaci\u00f3n que incluir\u00e1 a diversos gremios del pa\u00eds, para seguir ejerciendo presi\u00f3n en el gobierno.<\/p>\n\n\n\n<blockquote class=\"wp-block-quote is-layout-flow wp-block-quote-is-layout-flow\"><p><em>\u00abLa estrategia la vamos a revelar en el momento que sea necesario. El jueves tambi\u00e9n habr\u00e1 una manifestaci\u00f3n de uno de los sectores, hoy todos somos uno\u00bb, expres\u00f3.<\/em><\/p><\/blockquote>\n\n\n\n<p>Luego de que la movilizaci\u00f3n pautada para este martes no lograra llegar hasta la sede del Palacio Federal Legislativo para discutir el \u00abPliego Nacional de Conflicto\u00bb, la sesi\u00f3n se desarroll\u00f3 en la plaza Alfredo Sadel.<\/p>\n\n\n\n<blockquote class=\"wp-block-quote is-layout-flow wp-block-quote-is-layout-flow\"><p><em>\u00abEl primer objetivo de hoy es ser replicadores de este mensaje: somos una poderosa mayor\u00eda que puede cambiar a este pa\u00eds movilizada\u00bb, manifest\u00f3 Guaid\u00f3.<\/em><\/p><\/blockquote>\n\n\n\n<p>Uni\u00f3n Radio<\/p>\n","protected":false},"excerpt":{"rendered":"<p>El diputado,&nbsp;Juan Guaid\u00f3, inform\u00f3 que este jueves habr\u00e1 una nueva movilizaci\u00f3n que incluir\u00e1 a diversos gremios del pa\u00eds, para seguir ejerciendo presi\u00f3n en el gobierno. \u00abLa estrategia la vamos a revelar en el momento que sea necesario. El jueves tambi\u00e9n habr\u00e1 una manifestaci\u00f3n de uno de los sectores, hoy todos somos uno\u00bb, expres\u00f3. Luego de [&hellip;]<\/p>\n","protected":false},"author":2,"featured_media":163094,"comment_status":"closed","ping_status":"closed","sticky":false,"template":"","format":"standard","meta":{"footnotes":""},"categories":[5,9],"tags":[],"class_list":{"0":"post-163091","1":"post","2":"type-post","3":"status-publish","4":"format-standard","5":"has-post-thumbnail","7":"category-destacado","8":"category-nacionales"},"_links":{"self":[{"href":"https:\/\/elluchador.info\/index.php?rest_route=\/wp\/v2\/posts\/163091","targetHints":{"allow":["GET"]}}],"collection":[{"href":"https:\/\/elluchador.info\/index.php?rest_route=\/wp\/v2\/posts"}],"about":[{"href":"https:\/\/elluchador.info\/index.php?rest_route=\/wp\/v2\/types\/post"}],"author":[{"embeddable":true,"href":"https:\/\/elluchador.info\/index.php?rest_route=\/wp\/v2\/users\/2"}],"replies":[{"embeddable":true,"href":"https:\/\/elluchador.info\/index.php?rest_route=%2Fwp%2Fv2%2Fcomments&post=163091"}],"version-history":[{"count":1,"href":"https:\/\/elluchador.info\/index.php?rest_route=\/wp\/v2\/posts\/163091\/revisions"}],"predecessor-version":[{"id":163095,"href":"https:\/\/elluchador.info\/index.php?rest_route=\/wp\/v2\/posts\/163091\/revisions\/163095"}],"wp:featuredmedia":[{"embeddable":true,"href":"https:\/\/elluchador.info\/index.php?rest_route=\/wp\/v2\/media\/163094"}],"wp:attachment":[{"href":"https:\/\/elluchador.info\/index.php?rest_route=%2Fwp%2Fv2%2Fmedia&parent=163091"}],"wp:term":[{"taxonomy":"category","embeddable":true,"href":"https:\/\/elluchador.info\/index.php?rest_route=%2Fwp%2Fv2%2Fcategories&post=163091"},{"taxonomy":"post_tag","embeddable":true,"href":"https:\/\/elluchador.info\/index.php?rest_route=%2Fwp%2Fv2%2Ftags&post=163091"}],"curies":[{"name":"wp","href":"https:\/\/api.w.org\/{rel}","templated":true}]}}