{"id":163185,"date":"2020-03-11T19:20:20","date_gmt":"2020-03-11T23:20:20","guid":{"rendered":"https:\/\/elluchador.info\/web\/?p=163185"},"modified":"2020-03-11T13:02:22","modified_gmt":"2020-03-11T17:02:22","slug":"el-coronavirus-en-america-latina-entre-la-fortuna-la-juventud-y-el-desastre","status":"publish","type":"post","link":"https:\/\/elluchador.info\/?p=163185","title":{"rendered":"El coronavirus en Am\u00e9rica Latina: entre la fortuna, la juventud y el desastre"},"content":{"rendered":"\n<p>El coronavirus no tiene l\u00edmites. Como no lo tendr\u00eda una gripe, lo que, al fin y al cabo, no deja de ser. Aunque mucho m\u00e1s contagiosa. Y como no tiene l\u00edmites ya se ha expandido hasta pr\u00e1cticamente todos los rincones del planeta, incluidas las ant\u00edpodas de la Zona Cero: Am\u00e9rica Latina. Porque si las ant\u00edpodas de China se encuentran en Argentina, Chile, Uruguay, Brasil y Bolivia, las de Wuhan se encuentran en Castro Barros, el norte de Argentina.&nbsp;<\/p>\n\n\n\n<p>En la actualidad, hay m\u00e1s de&nbsp;<strong>106 enfermos por COVID-19 en trece pa\u00edses de Am\u00e9rica Latina<\/strong>&nbsp;\u2013Panam\u00e1,&nbsp;Brasil, M\u00e9xico, Ecuador, Rep\u00fablica Dominicana, Argentina, Chile, Colombia, Per\u00fa, Costa Rica y Paraguay\u2013. Y habr\u00e1 m\u00e1s: 625 millones de latinoamericanos esperan. Sin embargo, en esta ocasi\u00f3n, la privilegiada posici\u00f3n geogr\u00e1fica antes comentada \u2013ant\u00edpodas\u2013 ha permitido junto a otros muchos factores que el total de enfermos por este nuevo virus en Latinoam\u00e9rica solo represente&nbsp;<strong>un 0,1 % de los 113.672 casos<\/strong>&nbsp;y casi no se cuenten fallecidos entre los 4.012 registrados a fecha 10 de marzo.&nbsp;<\/p>\n\n\n\n<p>Brasil con 30 casos encabeza el desagradable listado, seguido por Argentina con 17, Ecuador con 15, Chile con 13, Costa Rica y Per\u00fa con nueve, M\u00e9xico con siete, Rep\u00fablica Dominicana con seis y el resto con menos de cinco. Pero las cifras son lo de menos, aumentar\u00e1n y cambiar\u00e1n en horas de forma radical.&nbsp;<\/p>\n\n\n\n<p>El primer destello conocido del virus en la regi\u00f3n se produjo el pasado 26 de febrero, en Brasil, sin embargo, su propagaci\u00f3n, aunque importante, se encuentra muy por detr\u00e1s del patr\u00f3n producido en otros pa\u00edses y muestra unas claras diferencias. De hecho, el primer contagio oficial (entre personas locales) en Espa\u00f1a se produjo tambi\u00e9n el 26 de febrero y, desde entonces, hay m\u00e1s de 1.650 afectados, de los que 35 han fallecido, 101 se encuentran ingresados en cuidados intensivos y 135 se han recuperado. Es decir, en la actualidad, la letalidad en Espa\u00f1a del Covid-19 es del 2,12 %, los casos graves suponen el 6,12 % y el 8,18 % ya se han recuperado.&nbsp;<\/p>\n\n\n\n<p>Sin embargo, existen muchas posibilidades de que las cifras, al menos en estos momentos, escondan una realidad muy diferente, tanto en Espa\u00f1a como en Am\u00e9rica Latina y el resto del planeta. Existen dos factores que inciden de forma muy seria en las cifras oficiales:<\/p>\n\n\n\n<ul class=\"wp-block-list\"><li><strong>Muchos pacientes no acuden al m\u00e9dico dado que los s\u00edntomas que padecen son leves<\/strong>&nbsp;\u2013se estima que en m\u00e1s del 80 % de los casos\u2013, lo que provocar\u00eda que muchos casos no estuvieran contabilizados. Ello, adem\u00e1s, afectar\u00eda a la tasa de letalidad y a la gravedad del virus, disminuy\u00e9ndolas de forma considerable.<\/li><li><strong>El virus tarda entre cinco y once d\u00edas en mostrar s\u00edntomas tras la infecci\u00f3n<\/strong>, en ocasiones m\u00e1s, lo que puede provocar una brusca y repentina subida de casos. Algo que sucedi\u00f3 tanto en Italia como en Espa\u00f1a, cuando los primeros d\u00edas el n\u00famero de casos era menor.&nbsp;<\/li><\/ul>\n\n\n\n<h4 class=\"wp-block-heading\"><strong>Factores principales para el desarrollo del virus en Am\u00e9rica Latina<\/strong>&nbsp;<\/h4>\n\n\n\n<p><strong>1- Posici\u00f3n geogr\u00e1fica y conexiones a\u00e9reas<\/strong>&nbsp;<\/p>\n\n\n\n<p>El primer factor que ha beneficiado a Latinoam\u00e9rica ha sido la suerte. Por un lado, su posici\u00f3n en las ant\u00edpodas de China claramente le ha beneficiado al situarla lo m\u00e1s lejos posible del foco de infecci\u00f3n. En segundo lugar, y no menos importante a d\u00eda de hoy, las conexiones a\u00e9reas con china no son ni mucho menos tan importantes como s\u00ed lo son en el caso de Europa o Am\u00e9rica del Norte, pa\u00eds en el que oficialmente hay m\u00e1s de 700 contagios, cifra que septuplica los datos de Am\u00e9rica Latina. De hecho, la cifra todav\u00eda podr\u00eda haber sido menor, pues los primeros contagios se produjeron fuera de la regi\u00f3n: Asia, Italia, Espa\u00f1a y Estados Unidos. Seguramente, muchos podr\u00edan haber sido evitados con una cuarentena a todos los viajeros, aunque bien es cierto que la expansi\u00f3n era y es inevitable.&nbsp;<\/p>\n\n\n\n<p><strong>2- Clima<\/strong>&nbsp;<\/p>\n\n\n\n<p>El segundo factor fundamental lo encontrar\u00edamos en el clima, el cual a d\u00eda de hoy&nbsp;<strong>no se sabe cu\u00e1l podr\u00eda ser su efecto<\/strong>&nbsp;en el&nbsp;SARS-CoV-2. Ni tan siquiera se sabe con seguridad cu\u00e1les son los motivos por los que el virus de la gripe muestra una clara estacionalidad, cuanto m\u00e1s el nuevo SARS-CoV-2, pero s\u00ed es cierto que podr\u00eda ser que las altas temperaturas&nbsp;dificultaran su expansi\u00f3n, lo que ha llevado a especular con que las condiciones actuales de Am\u00e9rica Sur no fueran las mejores en la actualidad para la propagaci\u00f3n del virus, algo que podr\u00eda cambiar en unos pocos meses.&nbsp;<\/p>\n\n\n\n<p>Luis Gonzalo Segura, exteniente del Ej\u00e9rcito de Tierra de Espa\u00f1aAm\u00e9rica Latina tiene un problema muy serio. El descuido generalizado en cuanto a las inversiones p\u00fablicas en sanidad y en investigaci\u00f3n son alarmantes en la mayor\u00eda de pa\u00edses del mundo, pero muy especialmente en Am\u00e9rica Latina, donde las desigualdades entre pa\u00edses y entre ciudadanos son muy marcadas<\/p>\n\n\n\n<p><strong>3- Densidad de poblaci\u00f3n<\/strong>&nbsp;<\/p>\n\n\n\n<p>El tercer factor radicar\u00eda en la densidad de poblaci\u00f3n, la cual afectar\u00eda de forma desigual a la regi\u00f3n. Por un lado, es cierto que existen \u00e1reas con densidades de poblaci\u00f3n muy bajas en las que el virus tendr\u00eda dif\u00edcil su expansi\u00f3n, pero no lo es menos que algunas de las grandes urbes del mundo se encuentran en Am\u00e9rica Latina, como Ciudad de M\u00e9xico, Sao Paulo, Buenos Aires, R\u00edo de Janeiro o Bogot\u00e1.&nbsp;En total, en Am\u00e9rica Latina m\u00e1s del&nbsp;40 %&nbsp;de sus habitantes reside en ciudades de m\u00e1s de un mill\u00f3n de habitantes, lo que supone que unos 300 millones de latinoamericanos est\u00e1n en situaci\u00f3n de mayor riesgo.&nbsp;<\/p>\n\n\n\n<p><strong>4- Fortaleza del tejido sanitario y la investigaci\u00f3n<\/strong><\/p>\n\n\n\n<p>El cuarto factor, y quiz\u00e1s el m\u00e1s importante, se encontrar\u00eda en la fortaleza de los tejidos sanitarios y, ah\u00ed, Am\u00e9rica Latina tiene un problema muy serio. El descuido generalizado en cuanto a las inversiones p\u00fablicas en sanidad y en investigaci\u00f3n son alarmantes en la mayor\u00eda de pa\u00edses del mundo, pero muy especialmente en Am\u00e9rica Latina,&nbsp;<strong>donde las desigualdades entre pa\u00edses y entre ciudadanos son muy marcadas<\/strong>.&nbsp;<\/p>\n\n\n\n<p>Para hacernos una idea,&nbsp;Cuba&nbsp;es el pa\u00eds del mundo con m\u00e1s m\u00e9dicos por habitante y el tercero con m\u00e1s enfermeros, con unos 8 por cada 1.000 habitantes, por lo que tiene uno de los sistemas sanitarios m\u00e1s robustos para una situaci\u00f3n de crisis \u2013recordemos que uno de los grandes problemas es el contagio y las bajas que este provoca en el personal sanitario\u2013.&nbsp;Sin embargo, esta situaci\u00f3n difiere mucho del resto de Am\u00e9rica Latina: Chile tiene 2,2 enfermeros por cada 1.000 habitantes, una cuarta parte de lo que posee Cuba, y es el mejor de Am\u00e9rica del Sur, pues Uruguay tiene 1,89; Paraguay, 1,46; Brasil, 0,71, o Bolivia, 0,51. En estas condiciones, la saturaci\u00f3n de los sistemas sanitarios en caso de expansi\u00f3n del virus est\u00e1 garantizada.&nbsp;<\/p>\n\n\n\n<p><strong>5- Desigualdad y escaso crecimiento<\/strong>&nbsp;<\/p>\n\n\n\n<p>Am\u00e9rica Latina, adem\u00e1s, es la regi\u00f3n m\u00e1s desigual del mundo y cuenta con unos elevados niveles de pobreza, lo que combinado con un crecimiento menor que en el resto del planeta no parece generar gran tranquilidad. La regi\u00f3n de Am\u00e9rica Latina y el Caribe creci\u00f3 en 2019 un 1,6 %, cifra que se encuentra muy alejada de los crecimientos que se produjeron en las regiones asi\u00e1ticas (de 1,9 a 6,5 %), Europa (1,9 %), Oriente Medio (2,9 %) o \u00c1frica Subsahariana (3,6 %). La desigualdad y la desaceleraci\u00f3n econ\u00f3mica no son los mejores cimientos para soportar una epidemia.&nbsp;<\/p>\n\n\n\n<p>Luis Gonzalo Segura, exteniente del Ej\u00e9rcito de Tierra de Espa\u00f1aEn las ant\u00edpodas del origen, con una poblaci\u00f3n joven y menores conexiones a\u00e9reas que Europa, Asia o Am\u00e9rica del Norte, Latinoam\u00e9rica sufre menores consecuencias que estas zonas. Sin embargo, hay que tener en cuenta su principal debilidad: el tejido sanitario. Si el virus se propagara de forma considerable, las consecuencias podr\u00edan ser desastrosas<\/p>\n\n\n\n<p><strong>6- Juventud<\/strong>&nbsp;<\/p>\n\n\n\n<p>Pero no todo son malas noticias, ya que una de las grandes fortalezas de Am\u00e9rica Latina para afrontar los efectos de la expansi\u00f3n del COVID-19 radica en su juventud, pues la letalidad del virus se ha mostrado mayor a medida que los afectados tienen mayor edad, encontr\u00e1ndose las tasas m\u00e1s altas por encima de los setenta a\u00f1os de edad. Sin embargo,&nbsp;<strong>la poblaci\u00f3n por encima de 65 a\u00f1os en Am\u00e9rica y el Caribe se encuentra en el 9 %<\/strong>. Es por ello que la letalidad del virus, al tener menos probabilidad de contagiarse entre poblaci\u00f3n de mayor edad bajar\u00eda necesariamente.&nbsp;Por poner un ejemplo, en Espa\u00f1a la poblaci\u00f3n por encima de 65 a\u00f1os representa el 19 % y en Italia se sit\u00faa en el 21 %, dos de los pa\u00edses m\u00e1s afectados en Europa. Mientras, en el continente, la tasa media se sit\u00faa en el 19 %. Esto es, uno de cada cinco europeos es mayor de 65 a\u00f1os y, por tanto, sufre serio riesgo de perecer en caso de contagio.&nbsp;<\/p>\n\n\n\n<h4 class=\"wp-block-heading\"><strong>Am\u00e9rica Latina parece tener suerte, pero tambi\u00e9n un sistema sanitario raqu\u00edtico<\/strong>&nbsp;<\/h4>\n\n\n\n<p>Am\u00e9rica Latina parece haber tenido bastante fortuna en esta ocasi\u00f3n. En las ant\u00edpodas del origen, con una poblaci\u00f3n joven y menores conexiones a\u00e9reas que Europa, Asia o Am\u00e9rica del Norte sufre a d\u00eda de hoy menores consecuencias por la expansi\u00f3n del COVID-19 que otras regiones del mundo.&nbsp;<\/p>\n\n\n\n<p>Quiz\u00e1s, ello haya provocado que las estrategias adoptadas en Am\u00e9rica Latina, est\u00e1 por ver si de forma acertada o equivocada, no se centren tanto en la contenci\u00f3n del virus, como en Italia o Espa\u00f1a, sino en la mitigaci\u00f3n. Caso de&nbsp;M\u00e9xico.&nbsp;<\/p>\n\n\n\n<p>Pero estas medidas no solo se toman en base a las fortalezas latinoamericanas, sino que tambi\u00e9n tienen en cuenta su principal debilidad: el tejido sanitario. De hecho, si las circunstancias cambiaran y el virus se propagara de forma considerable en Am\u00e9rica Latina, las consecuencias podr\u00edan ser desastrosas. Am\u00e9rica Latina hoy goza de fortuna, pero quiz\u00e1s ma\u00f1ana est\u00e9 plagada de lamentos.\u00a0<\/p>\n\n\n\n<p>Cortes\u00edaRT<\/p>\n","protected":false},"excerpt":{"rendered":"<p>El coronavirus no tiene l\u00edmites. Como no lo tendr\u00eda una gripe, lo que, al fin y al cabo, no deja de ser. Aunque mucho m\u00e1s contagiosa. Y como no tiene l\u00edmites ya se ha expandido hasta pr\u00e1cticamente todos los rincones del planeta, incluidas las ant\u00edpodas de la Zona Cero: Am\u00e9rica Latina. Porque si las ant\u00edpodas [&hellip;]<\/p>\n","protected":false},"author":2,"featured_media":163190,"comment_status":"closed","ping_status":"closed","sticky":false,"template":"","format":"standard","meta":{"footnotes":""},"categories":[5,19],"tags":[],"class_list":{"0":"post-163185","1":"post","2":"type-post","3":"status-publish","4":"format-standard","5":"has-post-thumbnail","7":"category-destacado","8":"category-salud"},"_links":{"self":[{"href":"https:\/\/elluchador.info\/index.php?rest_route=\/wp\/v2\/posts\/163185","targetHints":{"allow":["GET"]}}],"collection":[{"href":"https:\/\/elluchador.info\/index.php?rest_route=\/wp\/v2\/posts"}],"about":[{"href":"https:\/\/elluchador.info\/index.php?rest_route=\/wp\/v2\/types\/post"}],"author":[{"embeddable":true,"href":"https:\/\/elluchador.info\/index.php?rest_route=\/wp\/v2\/users\/2"}],"replies":[{"embeddable":true,"href":"https:\/\/elluchador.info\/index.php?rest_route=%2Fwp%2Fv2%2Fcomments&post=163185"}],"version-history":[{"count":1,"href":"https:\/\/elluchador.info\/index.php?rest_route=\/wp\/v2\/posts\/163185\/revisions"}],"predecessor-version":[{"id":163191,"href":"https:\/\/elluchador.info\/index.php?rest_route=\/wp\/v2\/posts\/163185\/revisions\/163191"}],"wp:featuredmedia":[{"embeddable":true,"href":"https:\/\/elluchador.info\/index.php?rest_route=\/wp\/v2\/media\/163190"}],"wp:attachment":[{"href":"https:\/\/elluchador.info\/index.php?rest_route=%2Fwp%2Fv2%2Fmedia&parent=163185"}],"wp:term":[{"taxonomy":"category","embeddable":true,"href":"https:\/\/elluchador.info\/index.php?rest_route=%2Fwp%2Fv2%2Fcategories&post=163185"},{"taxonomy":"post_tag","embeddable":true,"href":"https:\/\/elluchador.info\/index.php?rest_route=%2Fwp%2Fv2%2Ftags&post=163185"}],"curies":[{"name":"wp","href":"https:\/\/api.w.org\/{rel}","templated":true}]}}