{"id":163215,"date":"2020-03-11T15:23:39","date_gmt":"2020-03-11T19:23:39","guid":{"rendered":"https:\/\/elluchador.info\/web\/?p=163215"},"modified":"2020-03-11T14:27:29","modified_gmt":"2020-03-11T18:27:29","slug":"argentina-aplicara-cuarentena-a-viajeros-de-paises-con-virus-de-wuhan","status":"publish","type":"post","link":"https:\/\/elluchador.info\/?p=163215","title":{"rendered":"Argentina aplicar\u00e1 cuarentena a viajeros de pa\u00edses con virus de Wuhan"},"content":{"rendered":"\n<p>El presidente de Argentina, Alberto Fern\u00e1ndez, anticip\u00f3 este mi\u00e9rcoles que ser\u00e1 obligatoria la cuarentena para los ciudadanos que lleguen al pa\u00eds provenientes de naciones con alta circulaci\u00f3n de coronavirus, al tiempo que analiza \u00absuspender el trato con Italia\u00bb y los espect\u00e1culos p\u00fablicos.<\/p>\n\n\n\n<blockquote class=\"wp-block-quote is-layout-flow wp-block-quote-is-layout-flow\"><p>\u00abLa persona que cumple esa cuarentena de 14 d\u00edas despu\u00e9s de viajar tiene la obligaci\u00f3n de quedarse y recluirse en la soledad de su casa, no hacerlo voluntario como es hasta el d\u00eda de hoy, sino hacerlo con las consecuencias que eso supone. Si no lo cumple estar\u00e1 incurriendo en un delito que es poner en riesgo a la salud p\u00fablica\u00bb, advirti\u00f3 Fern\u00e1ndez en una entrevista con FM Delta de Buenos Aires.<\/p><\/blockquote>\n\n\n\n<p>La medida entrar\u00eda en vigencia en las pr\u00f3ximas horas, seg\u00fan inform\u00f3 el mandatario.<\/p>\n\n\n\n<p>Argentina contabiliza hasta el momento 19 casos confirmados de coronavirus y un muerto, un hombre de 64 a\u00f1os que falleci\u00f3 el s\u00e1bado y se convirti\u00f3 en la primera v\u00edctima fatal registrada en Latinoam\u00e9rica por el COVID-19.<\/p>\n\n\n\n<p>Todos los casos son importados, sin que se haya detectado hasta el momento un contagio local, inform\u00f3 el Ministerio de Salud argentino.<\/p>\n\n\n\n<p>El presidente mantuvo el martes una reuni\u00f3n con su Gabinete y especialistas para analizar la situaci\u00f3n sanitaria y evaluar nuevas medidas de contenci\u00f3n para evitar la transmisi\u00f3n comunitaria del coronavirus, entre ellas el posible cierre de las fronteras a personas que viajen desde Italia.<\/p>\n\n\n\n<blockquote class=\"wp-block-quote is-layout-flow wp-block-quote-is-layout-flow\"><p>\u00abFrente a Italia, que ha dispuesto cerrar sus fronteras, no dejar que entren ni salgan italianos, en ese caso (se analiz\u00f3) si no deber\u00edamos nosotros tambi\u00e9n suspender el trato con Italia por este tiempo\u00bb, declar\u00f3 Fern\u00e1ndez.<\/p><\/blockquote>\n\n\n\n<p>El Gobierno tambi\u00e9n eval\u00faa en estas horas si suspende los espect\u00e1culos p\u00fablicos \u00abporque ah\u00ed la posibilidad de difundir el virus existe\u00bb, se\u00f1al\u00f3 el mandatario, quien revel\u00f3 por otra parte que se tomaron medidas excepcionales de prevenci\u00f3n para evitar casos de contagio en las bases argentinas en la Ant\u00e1rtida.<\/p>\n\n\n\n<p>EFE<\/p>\n","protected":false},"excerpt":{"rendered":"<p>El presidente de Argentina, Alberto Fern\u00e1ndez, anticip\u00f3 este mi\u00e9rcoles que ser\u00e1 obligatoria la cuarentena para los ciudadanos que lleguen al pa\u00eds provenientes de naciones con alta circulaci\u00f3n de coronavirus, al tiempo que analiza \u00absuspender el trato con Italia\u00bb y los espect\u00e1culos p\u00fablicos. \u00abLa persona que cumple esa cuarentena de 14 d\u00edas despu\u00e9s de viajar tiene [&hellip;]<\/p>\n","protected":false},"author":2,"featured_media":163219,"comment_status":"closed","ping_status":"closed","sticky":false,"template":"","format":"standard","meta":{"footnotes":""},"categories":[5,8],"tags":[],"class_list":{"0":"post-163215","1":"post","2":"type-post","3":"status-publish","4":"format-standard","5":"has-post-thumbnail","7":"category-destacado","8":"category-internacionales"},"_links":{"self":[{"href":"https:\/\/elluchador.info\/index.php?rest_route=\/wp\/v2\/posts\/163215","targetHints":{"allow":["GET"]}}],"collection":[{"href":"https:\/\/elluchador.info\/index.php?rest_route=\/wp\/v2\/posts"}],"about":[{"href":"https:\/\/elluchador.info\/index.php?rest_route=\/wp\/v2\/types\/post"}],"author":[{"embeddable":true,"href":"https:\/\/elluchador.info\/index.php?rest_route=\/wp\/v2\/users\/2"}],"replies":[{"embeddable":true,"href":"https:\/\/elluchador.info\/index.php?rest_route=%2Fwp%2Fv2%2Fcomments&post=163215"}],"version-history":[{"count":1,"href":"https:\/\/elluchador.info\/index.php?rest_route=\/wp\/v2\/posts\/163215\/revisions"}],"predecessor-version":[{"id":163220,"href":"https:\/\/elluchador.info\/index.php?rest_route=\/wp\/v2\/posts\/163215\/revisions\/163220"}],"wp:featuredmedia":[{"embeddable":true,"href":"https:\/\/elluchador.info\/index.php?rest_route=\/wp\/v2\/media\/163219"}],"wp:attachment":[{"href":"https:\/\/elluchador.info\/index.php?rest_route=%2Fwp%2Fv2%2Fmedia&parent=163215"}],"wp:term":[{"taxonomy":"category","embeddable":true,"href":"https:\/\/elluchador.info\/index.php?rest_route=%2Fwp%2Fv2%2Fcategories&post=163215"},{"taxonomy":"post_tag","embeddable":true,"href":"https:\/\/elluchador.info\/index.php?rest_route=%2Fwp%2Fv2%2Ftags&post=163215"}],"curies":[{"name":"wp","href":"https:\/\/api.w.org\/{rel}","templated":true}]}}