{"id":163247,"date":"2020-03-12T09:54:19","date_gmt":"2020-03-12T13:54:19","guid":{"rendered":"https:\/\/elluchador.info\/web\/?p=163247"},"modified":"2020-03-12T09:44:00","modified_gmt":"2020-03-12T13:44:00","slug":"ministra-espanola-da-positivo-al-coronavirus","status":"publish","type":"post","link":"https:\/\/elluchador.info\/?p=163247","title":{"rendered":"Ministra espa\u00f1ola da positivo al coronavirus"},"content":{"rendered":"\n<p>La ministra de Igualdad, Irene Montero, dio positivo al nuevo coronavirus, inform\u00f3 este jueves el gobierno espa\u00f1ol, indicando que todos los miembros del Ejecutivo se someter\u00e1n a pruebas diagn\u00f3sticas.<\/p>\n\n\n\n<p>Montero \u201cse encuentra en buen estado\u201d de salud, al igual que su pareja, el vicepresidente segundo, Pablo Iglesias, quien est\u00e1 \u201cen cuarentena por esta situaci\u00f3n\u201d, se\u00f1al\u00f3 el comunicado del gobierno.<\/p>\n\n\n\n<p><strong>Wtc Radio<\/strong><\/p>\n","protected":false},"excerpt":{"rendered":"<p>La ministra de Igualdad, Irene Montero, dio positivo al nuevo coronavirus, inform\u00f3 este jueves el gobierno espa\u00f1ol, indicando que todos los miembros del Ejecutivo se someter\u00e1n a pruebas diagn\u00f3sticas. Montero \u201cse encuentra en buen estado\u201d de salud, al igual que su pareja, el vicepresidente segundo, Pablo Iglesias, quien est\u00e1 \u201cen cuarentena por esta situaci\u00f3n\u201d, se\u00f1al\u00f3 [&hellip;]<\/p>\n","protected":false},"author":2,"featured_media":163248,"comment_status":"closed","ping_status":"closed","sticky":false,"template":"","format":"standard","meta":{"footnotes":""},"categories":[5,8],"tags":[],"class_list":{"0":"post-163247","1":"post","2":"type-post","3":"status-publish","4":"format-standard","5":"has-post-thumbnail","7":"category-destacado","8":"category-internacionales"},"_links":{"self":[{"href":"https:\/\/elluchador.info\/index.php?rest_route=\/wp\/v2\/posts\/163247","targetHints":{"allow":["GET"]}}],"collection":[{"href":"https:\/\/elluchador.info\/index.php?rest_route=\/wp\/v2\/posts"}],"about":[{"href":"https:\/\/elluchador.info\/index.php?rest_route=\/wp\/v2\/types\/post"}],"author":[{"embeddable":true,"href":"https:\/\/elluchador.info\/index.php?rest_route=\/wp\/v2\/users\/2"}],"replies":[{"embeddable":true,"href":"https:\/\/elluchador.info\/index.php?rest_route=%2Fwp%2Fv2%2Fcomments&post=163247"}],"version-history":[{"count":1,"href":"https:\/\/elluchador.info\/index.php?rest_route=\/wp\/v2\/posts\/163247\/revisions"}],"predecessor-version":[{"id":163249,"href":"https:\/\/elluchador.info\/index.php?rest_route=\/wp\/v2\/posts\/163247\/revisions\/163249"}],"wp:featuredmedia":[{"embeddable":true,"href":"https:\/\/elluchador.info\/index.php?rest_route=\/wp\/v2\/media\/163248"}],"wp:attachment":[{"href":"https:\/\/elluchador.info\/index.php?rest_route=%2Fwp%2Fv2%2Fmedia&parent=163247"}],"wp:term":[{"taxonomy":"category","embeddable":true,"href":"https:\/\/elluchador.info\/index.php?rest_route=%2Fwp%2Fv2%2Fcategories&post=163247"},{"taxonomy":"post_tag","embeddable":true,"href":"https:\/\/elluchador.info\/index.php?rest_route=%2Fwp%2Fv2%2Ftags&post=163247"}],"curies":[{"name":"wp","href":"https:\/\/api.w.org\/{rel}","templated":true}]}}