{"id":163262,"date":"2020-03-12T10:32:38","date_gmt":"2020-03-12T14:32:38","guid":{"rendered":"https:\/\/elluchador.info\/web\/?p=163262"},"modified":"2020-03-12T10:21:33","modified_gmt":"2020-03-12T14:21:33","slug":"cabello-maduro-ordeno-comprar-nuevas-maquinas-electorales","status":"publish","type":"post","link":"https:\/\/elluchador.info\/?p=163262","title":{"rendered":"Cabello: Maduro orden\u00f3 comprar nuevas m\u00e1quinas electorales"},"content":{"rendered":"\n<p><em>Este mi\u00e9rcoles, el primer vicepresidente del Partido Socialista Unido de Venezuela (PSUV), Diosdado Cabello, cuestion\u00f3 la funcionalidad del nuevo Comando Unido de la Oposici\u00f3n, agrupaci\u00f3n creada, seg\u00fan sus palabras, por la periodista Carla Angola.<\/em><\/p>\n\n\n\n<p>Durante la emisi\u00f3n de su programa Con El Mazo Dando, transmitido desde el estado Carabobo por Venezolana de Televisi\u00f3n (VTV), Cabello se\u00f1al\u00f3 que la marcha convocada por el l\u00edder opositor Juan Guaid\u00f3 el pasado 10 de marzo, \u201cfue un fracaso\u201d.<ins><\/ins><\/p>\n\n\n\n<p>\u201cCada vez que convocan ocurre peor, porque la gente se va desmoralizando, porque la dirigencia opositora da pena, da tristeza\u201d, precis\u00f3.<\/p>\n\n\n\n<p>Hizo menci\u00f3n a los medios de comunicaci\u00f3n y agencias de noticias internacionales que, a su juicio, publicaron noticias sesgadas sobre los enfrentamientos entre manifestantes y los funcionarios de la Guardia Nacional Bolivariana (GNB) tras el lanzamiento de bombas lacrim\u00f3genas, se\u00f1alando que \u201cfueron encapuchados de Guaid\u00f3 quienes lanzaron piedras y botellas a las mujeres polic\u00edas\u201d.<\/p>\n\n\n\n<p>En relaci\u00f3n a la aprobaci\u00f3n del Pliego Nacional de Conflicto por la Asamblea Nacional (AN) en la plaza Alfredo Sadel, asegur\u00f3 que no es m\u00e1s que una maniobra de Juan Guaid\u00f3 para funcionar como presidente de la AN y como jefe del Ejecutivo, sin rendir cuentas.<\/p>\n\n\n\n<p>\u201c\u00c9l dijo que est\u00e1 haciendo un Pliego Conflictivo, que no sabe qu\u00e9 es, \u00e9l que es presidente de la AN, que dice ser de la Rep\u00fablica, se lo entrega y da vuelto: Un yo con yo, con yo\u201d, puntualiz\u00f3 al respecto.<ins><\/ins><\/p>\n\n\n\n<p>Asimismo, acus\u00f3 al l\u00edder opositor de rechazar cualquier tipo de elecciones en Venezuela y planificar un refer\u00e9ndum para alargar su per\u00edodo como presidente de la AN.<\/p>\n\n\n\n<p>\u201c\u00bfA qui\u00e9n le interesa que pospongan elecciones? A ellos (\u2026) Eso le est\u00e1 creando divisiones con la misma oposici\u00f3n\u201d, indic\u00f3.<\/p>\n\n\n\n<p>Seg\u00fan Cabello, para la oposici\u00f3n \u201cconspirar es un negocio, porque siempre hay un gobierno bobo que les da plata\u201d, por lo que culp\u00f3 a Guaid\u00f3 por \u201crobarse la plata\u201d, al tiempo que se pregunt\u00f3 \u201c\u00bfqui\u00e9n ha recibido dinero o una medicina?\u201d, de la supuesta ayuda humanitaria que le han entregado al l\u00edder opositor.<\/p>\n\n\n\n<h5 class=\"wp-block-heading\">LAS ALIANZAS ENTRE IV\u00c1N DUQUE Y EL GOBIERNO DE EEUU<\/h5>\n\n\n\n<p>El tambi\u00e9n presidente de la Asamblea Nacional Constituyente (ANC), denunci\u00f3 adem\u00e1s las presuntas conexiones del presidente colombiano Iv\u00e1n Duque, con el gobierno de Donald Trump en el negocio del narcotr\u00e1fico.<\/p>\n\n\n\n<p>\u201cLa producci\u00f3n de coca en Colombia es de 112 mil hect\u00e1reas, lo que produjo un aumento a 951 toneladas, un alza del 8%, lo dice el mismo gobierno de EEUU, el primer consumidor de drogas en el mundo\u201d, afirm\u00f3.<ins><\/ins><\/p>\n\n\n\n<p>A su vez, se\u00f1al\u00f3 a la oposici\u00f3n como la culpable de incendiar los dep\u00f3sitos del CNE para evitar futuros comicios en el pa\u00eds. En su opini\u00f3n, no quieren que haya elecciones porque su negocio es conspirar.<\/p>\n\n\n\n<p>Anunci\u00f3 adem\u00e1s que el presidente Nicol\u00e1s Maduro orden\u00f3 la compra de las nuevas m\u00e1quinas electorales, \u201cporque aqu\u00ed habr\u00e1 elecciones llueva, truene o relampaguee\u201d.<\/p>\n\n\n\n<p><strong>El universal\/Wtc Radio<\/strong><\/p>\n","protected":false},"excerpt":{"rendered":"<p>Este mi\u00e9rcoles, el primer vicepresidente del Partido Socialista Unido de Venezuela (PSUV), Diosdado Cabello, cuestion\u00f3 la funcionalidad del nuevo Comando Unido de la Oposici\u00f3n, agrupaci\u00f3n creada, seg\u00fan sus palabras, por la periodista Carla Angola. Durante la emisi\u00f3n de su programa Con El Mazo Dando, transmitido desde el estado Carabobo por Venezolana de Televisi\u00f3n (VTV), Cabello [&hellip;]<\/p>\n","protected":false},"author":2,"featured_media":163263,"comment_status":"closed","ping_status":"closed","sticky":false,"template":"","format":"standard","meta":{"footnotes":""},"categories":[5,9],"tags":[],"class_list":{"0":"post-163262","1":"post","2":"type-post","3":"status-publish","4":"format-standard","5":"has-post-thumbnail","7":"category-destacado","8":"category-nacionales"},"_links":{"self":[{"href":"https:\/\/elluchador.info\/index.php?rest_route=\/wp\/v2\/posts\/163262","targetHints":{"allow":["GET"]}}],"collection":[{"href":"https:\/\/elluchador.info\/index.php?rest_route=\/wp\/v2\/posts"}],"about":[{"href":"https:\/\/elluchador.info\/index.php?rest_route=\/wp\/v2\/types\/post"}],"author":[{"embeddable":true,"href":"https:\/\/elluchador.info\/index.php?rest_route=\/wp\/v2\/users\/2"}],"replies":[{"embeddable":true,"href":"https:\/\/elluchador.info\/index.php?rest_route=%2Fwp%2Fv2%2Fcomments&post=163262"}],"version-history":[{"count":1,"href":"https:\/\/elluchador.info\/index.php?rest_route=\/wp\/v2\/posts\/163262\/revisions"}],"predecessor-version":[{"id":163264,"href":"https:\/\/elluchador.info\/index.php?rest_route=\/wp\/v2\/posts\/163262\/revisions\/163264"}],"wp:featuredmedia":[{"embeddable":true,"href":"https:\/\/elluchador.info\/index.php?rest_route=\/wp\/v2\/media\/163263"}],"wp:attachment":[{"href":"https:\/\/elluchador.info\/index.php?rest_route=%2Fwp%2Fv2%2Fmedia&parent=163262"}],"wp:term":[{"taxonomy":"category","embeddable":true,"href":"https:\/\/elluchador.info\/index.php?rest_route=%2Fwp%2Fv2%2Fcategories&post=163262"},{"taxonomy":"post_tag","embeddable":true,"href":"https:\/\/elluchador.info\/index.php?rest_route=%2Fwp%2Fv2%2Ftags&post=163262"}],"curies":[{"name":"wp","href":"https:\/\/api.w.org\/{rel}","templated":true}]}}