{"id":163327,"date":"2020-03-12T14:02:45","date_gmt":"2020-03-12T18:02:45","guid":{"rendered":"https:\/\/elluchador.info\/web\/?p=163327"},"modified":"2020-03-12T13:53:10","modified_gmt":"2020-03-12T17:53:10","slug":"maduro-prohibe-concentraciones-publicas-en-venezuela-por-peligro-de-coronavirus","status":"publish","type":"post","link":"https:\/\/elluchador.info\/?p=163327","title":{"rendered":"Maduro proh\u00edbe concentraciones p\u00fablicas en Venezuela por peligro de coronavirus"},"content":{"rendered":"\n<p><strong>Nicol\u00e1s Maduro<\/strong>, durante una rueda de prensa ante los medios de comunicaci\u00f3n nacionales e internacionales, declar\u00f3 \u201cestado de emergencia permanente\u201d en Venezuela, y prohibi\u00f3 concentraciones p\u00fablicas en Venezuela por peligro de la pandemia de coronavirus.<\/p>\n\n\n\n<p>\u201cLa primera medida es que se prohibir\u00e1n manifestaciones y actividades p\u00fablicas masivas, museos, conciertos, marchas, aglomeraciones, y todas las posibilidades de que se cree el cultivo para la multiplicaci\u00f3n de esta pandemia que est\u00e1 abatiendo a la humanidad\u00a0\u201c, dijo.<\/p>\n\n\n\n<p>\u201cHe decido suspender por un mes todos los vuelos provenientes de Europa y Colombia (\u2026) Debemos tener conciencia que el coronavirus no solo amenaza la salud y la vida de la comunidad, sino tambi\u00e9n la econom\u00eda mundial\u201c, agreg\u00f3.<\/p>\n\n\n\n<p>Durante el principio de su discurso, Maduro indic\u00f3 que: \u201cAqu\u00ed en Venezuela hemos tomado todas las medidas preventivas para detectar la llegada del virus. En cualquier momento el coronavirus podr\u00eda entrar a nuestro pa\u00eds\u201c.<\/p>\n\n\n\n<p><strong>Cierre preventivo <\/strong><\/p>\n\n\n\n<p>\u201cEst\u00e1 contemplado la posibilidad de cierre de frontera con Colombia y Brasil, pero lo primero que necesitamos es la coordinaci\u00f3n de las autoridades sanitarias\u201d, precis\u00f3 Maduro en rueda de prensa.<\/p>\n\n\n\n<p>\u201cTenemos una frontera gigantesca. Yo le digo desde aqu\u00ed al presidente Duque, debemos acordonar toda la frontera, y proteger al pueblo de Colombia y al de Venezuela. El ministro de Salud est\u00e1 llamando al ministro de Colombia\u201d, agreg\u00f3.<\/p>\n\n\n\n<p><em><strong>lapatilla.com<\/strong><\/em><\/p>\n","protected":false},"excerpt":{"rendered":"<p>Nicol\u00e1s Maduro, durante una rueda de prensa ante los medios de comunicaci\u00f3n nacionales e internacionales, declar\u00f3 \u201cestado de emergencia permanente\u201d en Venezuela, y prohibi\u00f3 concentraciones p\u00fablicas en Venezuela por peligro de la pandemia de coronavirus. \u201cLa primera medida es que se prohibir\u00e1n manifestaciones y actividades p\u00fablicas masivas, museos, conciertos, marchas, aglomeraciones, y todas las posibilidades [&hellip;]<\/p>\n","protected":false},"author":2,"featured_media":163328,"comment_status":"closed","ping_status":"closed","sticky":false,"template":"","format":"standard","meta":{"footnotes":""},"categories":[5,9],"tags":[],"class_list":{"0":"post-163327","1":"post","2":"type-post","3":"status-publish","4":"format-standard","5":"has-post-thumbnail","7":"category-destacado","8":"category-nacionales"},"_links":{"self":[{"href":"https:\/\/elluchador.info\/index.php?rest_route=\/wp\/v2\/posts\/163327","targetHints":{"allow":["GET"]}}],"collection":[{"href":"https:\/\/elluchador.info\/index.php?rest_route=\/wp\/v2\/posts"}],"about":[{"href":"https:\/\/elluchador.info\/index.php?rest_route=\/wp\/v2\/types\/post"}],"author":[{"embeddable":true,"href":"https:\/\/elluchador.info\/index.php?rest_route=\/wp\/v2\/users\/2"}],"replies":[{"embeddable":true,"href":"https:\/\/elluchador.info\/index.php?rest_route=%2Fwp%2Fv2%2Fcomments&post=163327"}],"version-history":[{"count":1,"href":"https:\/\/elluchador.info\/index.php?rest_route=\/wp\/v2\/posts\/163327\/revisions"}],"predecessor-version":[{"id":163329,"href":"https:\/\/elluchador.info\/index.php?rest_route=\/wp\/v2\/posts\/163327\/revisions\/163329"}],"wp:featuredmedia":[{"embeddable":true,"href":"https:\/\/elluchador.info\/index.php?rest_route=\/wp\/v2\/media\/163328"}],"wp:attachment":[{"href":"https:\/\/elluchador.info\/index.php?rest_route=%2Fwp%2Fv2%2Fmedia&parent=163327"}],"wp:term":[{"taxonomy":"category","embeddable":true,"href":"https:\/\/elluchador.info\/index.php?rest_route=%2Fwp%2Fv2%2Fcategories&post=163327"},{"taxonomy":"post_tag","embeddable":true,"href":"https:\/\/elluchador.info\/index.php?rest_route=%2Fwp%2Fv2%2Ftags&post=163327"}],"curies":[{"name":"wp","href":"https:\/\/api.w.org\/{rel}","templated":true}]}}